{"id":37421,"date":"2022-02-10T07:40:41","date_gmt":"2022-02-10T13:40:41","guid":{"rendered":"http:\/\/www.zonaroja.com.mx\/?p=37421"},"modified":"2022-02-10T07:40:43","modified_gmt":"2022-02-10T13:40:43","slug":"congreso-de-oaxaca-sale-en-defensa-de-hugo-lopez-gatell","status":"publish","type":"post","link":"https:\/\/zonaroja.com.mx\/?p=37421","title":{"rendered":"Congreso de Oaxaca sale en defensa de Hugo L\u00f3pez-Gatell"},"content":{"rendered":"\n<p>Redacci\u00f3n\/Zona Roja.<\/p>\n\n\n\n<p>Oaxaca de Ju\u00e1rez, Oax. 09 de febrero de 2022. A propuesta del diputado Horacio Sosa Villavicencio, diputadas y diputados que integran la 65 Legislatura local, se pronunciaron a favor del subsecretario de Salud federal, Hugo L\u00f3pez-Gatell.<\/p>\n\n\n\n<p>Ayer aprobaron un exhorto en que solicitaron al titular de la Fiscal\u00eda General de la Rep\u00fablica (FGR) Alejandro Gertz Manero, que en riguroso apego a la Constituci\u00f3n y a las leyes, determine el no ejercicio de acci\u00f3n penal, en contra del subsecretario, en las denuncias penales presentadas por su abordaje de la pandemia por Covid-19.<\/p>\n\n\n\n<p>El acuerdo aprobado de urgente y obvia resoluci\u00f3n, durante la sesi\u00f3n ordinaria de este mi\u00e9rcoles, se\u00f1ala que, son absurdas las denuncias que pretenden responsabilizar a L\u00f3pez-Gatell, de las muertes por Covid-19, en el contexto de la pandemia que azota a toda la humanidad.<\/p>\n\n\n\n<p>Al hacer uso de la tribuna, el diputado Horacio Sosa Villavicencio, expuso aunque se dice que las denuncias fueron puestas por familiares, en realidad salieron del despacho del salinista Javier Coello Trejo, compadre del \u201cNegro\u201d Durazo, y tambi\u00e9n directamente del Partido Acci\u00f3n Nacional (PAN) , como las impresentables senadoras Lily T\u00e9llez y Josefina V\u00e1squez Mota.<\/p>\n\n\n\n<p>\u00abNo se trata de particulares en busca de justicia, sino de pol\u00edticos bajo el inter\u00e9s partidista de da\u00f1ar la imagen de uno de los m\u00e1s destacados funcionarios del gobierno del presidente L\u00f3pez Obrador\u00bb apunt\u00f3 el congresista.<\/p>\n\n\n\n<p>Mencion\u00f3 que diversos especialistas ya han se\u00f1alado que se trata de una aberraci\u00f3n jur\u00eddica, pero que pol\u00edticamente es rentable, y que con el apoyo de un juez que calific\u00f3 como \u00abespurio\u00bb se busca afectar a la Cuarta Transformaci\u00f3n, encabezada por el presidente, Andr\u00e9s Manuel L\u00f3pez Obrador.<\/p>\n\n\n\n<p>Finalmente, Sosa Villavicencio, dijo que, la guerra sucia, el linchamiento medi\u00e1tico y jur\u00eddico contra el subsecretario son una injusticia, una farsa grotesca que ofende a todo M\u00e9xico, porque intenta entorpecer la acci\u00f3n del gobierno de M\u00e9xico, y con ello atentar contra el derecho del pueblo a decidir su propia historia.<\/p>\n","protected":false},"excerpt":{"rendered":"<p>Redacci\u00f3n\/Zona Roja. Oaxaca de Ju\u00e1rez, Oax. 09 de febrero de 2022. A propuesta del diputado&hellip;<\/p>\n","protected":false},"author":2,"featured_media":37422,"comment_status":"closed","ping_status":"open","sticky":false,"template":"","format":"standard","meta":{"_lmt_disableupdate":"","_lmt_disable":"","_jetpack_memberships_contains_paid_content":false,"footnotes":""},"categories":[109,46],"tags":[444],"class_list":["post-37421","post","type-post","status-publish","format-standard","has-post-thumbnail","hentry","category-minuto-a-minuto","category-zona-blanca","tag-horacio-sosa-villavicencio"],"jetpack_featured_media_url":"https:\/\/zonaroja.com.mx\/wp-content\/uploads\/2022\/02\/Horacio-Sosa-Villavicencio.jpeg","jetpack_sharing_enabled":true,"_links":{"self":[{"href":"https:\/\/zonaroja.com.mx\/index.php?rest_route=\/wp\/v2\/posts\/37421","targetHints":{"allow":["GET"]}}],"collection":[{"href":"https:\/\/zonaroja.com.mx\/index.php?rest_route=\/wp\/v2\/posts"}],"about":[{"href":"https:\/\/zonaroja.com.mx\/index.php?rest_route=\/wp\/v2\/types\/post"}],"author":[{"embeddable":true,"href":"https:\/\/zonaroja.com.mx\/index.php?rest_route=\/wp\/v2\/users\/2"}],"replies":[{"embeddable":true,"href":"https:\/\/zonaroja.com.mx\/index.php?rest_route=%2Fwp%2Fv2%2Fcomments&post=37421"}],"version-history":[{"count":1,"href":"https:\/\/zonaroja.com.mx\/index.php?rest_route=\/wp\/v2\/posts\/37421\/revisions"}],"predecessor-version":[{"id":37423,"href":"https:\/\/zonaroja.com.mx\/index.php?rest_route=\/wp\/v2\/posts\/37421\/revisions\/37423"}],"wp:featuredmedia":[{"embeddable":true,"href":"https:\/\/zonaroja.com.mx\/index.php?rest_route=\/wp\/v2\/media\/37422"}],"wp:attachment":[{"href":"https:\/\/zonaroja.com.mx\/index.php?rest_route=%2Fwp%2Fv2%2Fmedia&parent=37421"}],"wp:term":[{"taxonomy":"category","embeddable":true,"href":"https:\/\/zonaroja.com.mx\/index.php?rest_route=%2Fwp%2Fv2%2Fcategories&post=37421"},{"taxonomy":"post_tag","embeddable":true,"href":"https:\/\/zonaroja.com.mx\/index.php?rest_route=%2Fwp%2Fv2%2Ftags&post=37421"}],"curies":[{"name":"wp","href":"https:\/\/api.w.org\/{rel}","templated":true}]}}