{"id":37424,"date":"2022-02-10T08:32:57","date_gmt":"2022-02-10T14:32:57","guid":{"rendered":"http:\/\/www.zonaroja.com.mx\/?p=37424"},"modified":"2022-02-10T08:32:59","modified_gmt":"2022-02-10T14:32:59","slug":"valida-ieepco-elecciones-extraordinarias-en-dos-municipios-de-oaxaca","status":"publish","type":"post","link":"https:\/\/zonaroja.com.mx\/?p=37424","title":{"rendered":"Valida IEEPCO elecciones extraordinarias en dos municipios de Oaxaca"},"content":{"rendered":"\n<p>Redacci\u00f3n\/Zona Roja.<\/p>\n\n\n\n<p>Oaxaca de Ju\u00e1rez, Oax., 10 de febrero de 2022.- En sesi\u00f3n extraordinaria urgente, el Consejo General del Instituto Estatal Electoral y de Participaci\u00f3n Ciudadana de Oaxaca (IEEPCO), valid\u00f3 las elecciones extraordinarias en los municipios de San Pedro Yaneri y Zapotitl\u00e1n Palmas, los cuales se rigen por Sistemas Normativos Ind\u00edgenas.&nbsp;&nbsp;<\/p>\n\n\n\n<p>Por unanimidad de votos, las consejeras y consejeros electorales calificaron como jur\u00eddicamente v\u00e1lida la elecci\u00f3n extraordinaria de la Sindicatura Municipal del Ayuntamiento de San Pedro Yaneri, debido a la renuncia de la persona electa en el Proceso Ordinario 2019.&nbsp;<\/p>\n\n\n\n<p>En este mismo sentido, validaron la elecci\u00f3n extraordinaria de la Regidur\u00eda de Obras del Ayuntamiento de Zapotitl\u00e1n Palmas, la cual tambi\u00e9n se celebr\u00f3 debido a la renuncia de las personas electas como propietaria y suplente en el Proceso Ordinario 2019.&nbsp;<\/p>\n\n\n\n<p>Mientras que, mediante el acuerdo IEEPCO-CG-SNI\u2010003\/2022 se calific\u00f3 como jur\u00eddicamente no valida la decisi\u00f3n de Terminaci\u00f3n Anticipada de Mandato de los integrantes del Ayuntamiento del municipio de Santiago Xanica, adoptada mediante asambleas generales comunitarias.&nbsp;<\/p>\n\n\n\n<p>Finalmente, mediante el acuerdo IEEPCO-CG-28\/2022 se dio por concluido el Proceso Electoral Local Ordinario 2020-2021 y con ello se aprob\u00f3 la destrucci\u00f3n, desincorporaci\u00f3n y en su caso, la conservaci\u00f3n de la documentaci\u00f3n y material electoral utilizado.&nbsp;<\/p>\n\n\n\n<p>Lo anterior, a excepci\u00f3n de los distritos y municipios que tienen pendiente de celebrar elecciones extraordinarias, as\u00ed como del material que por su naturaleza pueda reutilizarse en posteriores elecciones.<\/p>\n\n\n\n<p>Por ello, se instruy\u00f3 a la Junta General Ejecutiva y en su caso al Comit\u00e9 de Adquisiciones, Arrendamientos y Servicios del Instituto, para que conforme a la disponibilidad presupuestaria determine el destino final de la documentaci\u00f3n y material electoral.&nbsp;<\/p>\n\n\n\n<p>Durante la sesi\u00f3n de este mi\u00e9rcoles estuvieron presentes la Consejera Presidenta, Elizabeth S\u00e1nchez Gonz\u00e1lez y la encargada de Despacho de la Secretar\u00eda Ejecutiva, Monivet L\u00f3pez Garc\u00eda; as\u00ed como las Consejeras Electorales, Carmelita Sibaja Ochoa, Jessica Jazibe Hern\u00e1ndez Garc\u00eda, Nayma Enr\u00edquez Estrada y Zaira Alhel\u00ed Hip\u00f3lito L\u00f3pez, as\u00ed como los Consejeros Electorales, Alejandro Carrasco Sampedro y Wilfrido Lulio Almaraz Santib\u00e1\u00f1ez.<\/p>\n","protected":false},"excerpt":{"rendered":"<p>Redacci\u00f3n\/Zona Roja. Oaxaca de Ju\u00e1rez, Oax., 10 de febrero de 2022.- En sesi\u00f3n extraordinaria urgente,&hellip;<\/p>\n","protected":false},"author":2,"featured_media":37012,"comment_status":"closed","ping_status":"open","sticky":false,"template":"","format":"standard","meta":{"_lmt_disableupdate":"","_lmt_disable":"","_jetpack_memberships_contains_paid_content":false,"footnotes":""},"categories":[109,46],"tags":[2932],"class_list":["post-37424","post","type-post","status-publish","format-standard","has-post-thumbnail","hentry","category-minuto-a-minuto","category-zona-blanca","tag-instituto-estatal-electoral-y-de-participacion-ciudadana-de-oaxaca-ieepco"],"jetpack_featured_media_url":"https:\/\/zonaroja.com.mx\/wp-content\/uploads\/2022\/01\/IEEPCO-Instituto-Estatal-Electoral-Oaxaca.jpg","jetpack_sharing_enabled":true,"_links":{"self":[{"href":"https:\/\/zonaroja.com.mx\/index.php?rest_route=\/wp\/v2\/posts\/37424","targetHints":{"allow":["GET"]}}],"collection":[{"href":"https:\/\/zonaroja.com.mx\/index.php?rest_route=\/wp\/v2\/posts"}],"about":[{"href":"https:\/\/zonaroja.com.mx\/index.php?rest_route=\/wp\/v2\/types\/post"}],"author":[{"embeddable":true,"href":"https:\/\/zonaroja.com.mx\/index.php?rest_route=\/wp\/v2\/users\/2"}],"replies":[{"embeddable":true,"href":"https:\/\/zonaroja.com.mx\/index.php?rest_route=%2Fwp%2Fv2%2Fcomments&post=37424"}],"version-history":[{"count":1,"href":"https:\/\/zonaroja.com.mx\/index.php?rest_route=\/wp\/v2\/posts\/37424\/revisions"}],"predecessor-version":[{"id":37425,"href":"https:\/\/zonaroja.com.mx\/index.php?rest_route=\/wp\/v2\/posts\/37424\/revisions\/37425"}],"wp:featuredmedia":[{"embeddable":true,"href":"https:\/\/zonaroja.com.mx\/index.php?rest_route=\/wp\/v2\/media\/37012"}],"wp:attachment":[{"href":"https:\/\/zonaroja.com.mx\/index.php?rest_route=%2Fwp%2Fv2%2Fmedia&parent=37424"}],"wp:term":[{"taxonomy":"category","embeddable":true,"href":"https:\/\/zonaroja.com.mx\/index.php?rest_route=%2Fwp%2Fv2%2Fcategories&post=37424"},{"taxonomy":"post_tag","embeddable":true,"href":"https:\/\/zonaroja.com.mx\/index.php?rest_route=%2Fwp%2Fv2%2Ftags&post=37424"}],"curies":[{"name":"wp","href":"https:\/\/api.w.org\/{rel}","templated":true}]}}