{"id":37428,"date":"2022-02-10T08:47:58","date_gmt":"2022-02-10T14:47:58","guid":{"rendered":"http:\/\/www.zonaroja.com.mx\/?p=37428"},"modified":"2022-02-10T08:48:00","modified_gmt":"2022-02-10T14:48:00","slug":"podrian-suspender-operaciones-de-empresa-eolica-instalada-en-oaxac","status":"publish","type":"post","link":"https:\/\/zonaroja.com.mx\/?p=37428","title":{"rendered":"Podr\u00edan suspender operaciones de empresa e\u00f3lica instalada en Oaxac"},"content":{"rendered":"\n<p>Redacci\u00f3n\/Zona Roja.<\/p>\n\n\n\n<p>Oaxaca de Ju\u00e1rez, Oax., 10 de febrero de 2022.- Un procedimiento para revocar el permiso de autoabastecimiento a la empresa Energ\u00eda E\u00f3lica del Sur (EES), inaugurada en mayo de 2019 por la Secretaria de Energ\u00eda, Roc\u00edo Nahle, fue iniciado el pasado 17 de diciembre por la Comisi\u00f3n Reguladora de Energ\u00eda (CRE).<\/p>\n\n\n\n<p>De acuerdo con informaci\u00f3n del diario \u201cReforma\u201d, la empresa dota de energ\u00eda a filiales de Grupo Femsa, como las tiendas Oxxo, a Servicios Refresqueros del Golfo y Baj\u00edo de Femsa, y tambi\u00e9n a Cervecer\u00eda Cuauht\u00e9moc Moctezuma (hoy Heineken M\u00e9xico).<\/p>\n\n\n\n<p>Las empresas Oxxo Express y Refrescos Victoria del Centro, filiales de Femsa, ya promovieron amparos contra esta resoluci\u00f3n, pero no han sido admitidos, debido a que un Juez Especializado en Competencia Econ\u00f3mica en la Ciudad de M\u00e9xico, y Jueces en Materia Administrativa con sede en Monterrey, consideran que no les compete tramitarlos.<\/p>\n\n\n\n<p>La informaci\u00f3n de \u201cReforma\u201d detalla que Energ\u00eda E\u00f3lica del Sur opera desde el 31 de diciembre de 2018 una planta de 396 mega watts en El Espinal y Juchit\u00e1n, Oaxaca, donde invirti\u00f3 13 mil 249 millones de pesos.<\/p>\n\n\n\n<p>De esa cantidad, Femsa aport\u00f3 mil 728 millones de pesos; el Fondo Nacional de Infraestructura puso mil 152 millones, y el resto sali\u00f3 de cr\u00e9ditos de Banobras y del Gobierno de Dinamarca.<\/p>\n\n\n\n<p>Considerado el parque e\u00f3lico m\u00e1s grande de Am\u00e9rica Latina, con 132 aerogeneradores de la empresa Vestas, fue instalado en tierras privadas y comunales en Juchit\u00e1n y El Espinal, detall\u00f3 el diario nacional.<\/p>\n\n\n\n<p>A la operaci\u00f3n de la planta le precedieron reclamos de pueblos zapotecos que alegaron \u00abconsultas ama\u00f1adas\u00bb a comunidades ind\u00edgenas.<\/p>\n\n\n\n<p>Energ\u00eda E\u00f3lica del Sur opera desde diciembre de 2018 con un permiso de autoabastecimiento, aunque la inauguraci\u00f3n formal fue en mayo de 2019.<\/p>\n","protected":false},"excerpt":{"rendered":"<p>Redacci\u00f3n\/Zona Roja. Oaxaca de Ju\u00e1rez, Oax., 10 de febrero de 2022.- Un procedimiento para revocar&hellip;<\/p>\n","protected":false},"author":2,"featured_media":37429,"comment_status":"closed","ping_status":"open","sticky":false,"template":"","format":"standard","meta":{"_lmt_disableupdate":"","_lmt_disable":"","_jetpack_memberships_contains_paid_content":false,"footnotes":""},"categories":[109,47],"tags":[],"class_list":["post-37428","post","type-post","status-publish","format-standard","has-post-thumbnail","hentry","category-minuto-a-minuto","category-zona-gris"],"jetpack_featured_media_url":"https:\/\/zonaroja.com.mx\/wp-content\/uploads\/2022\/02\/Eolicas-Oaxaca-Istmo.jpg","jetpack_sharing_enabled":true,"_links":{"self":[{"href":"https:\/\/zonaroja.com.mx\/index.php?rest_route=\/wp\/v2\/posts\/37428","targetHints":{"allow":["GET"]}}],"collection":[{"href":"https:\/\/zonaroja.com.mx\/index.php?rest_route=\/wp\/v2\/posts"}],"about":[{"href":"https:\/\/zonaroja.com.mx\/index.php?rest_route=\/wp\/v2\/types\/post"}],"author":[{"embeddable":true,"href":"https:\/\/zonaroja.com.mx\/index.php?rest_route=\/wp\/v2\/users\/2"}],"replies":[{"embeddable":true,"href":"https:\/\/zonaroja.com.mx\/index.php?rest_route=%2Fwp%2Fv2%2Fcomments&post=37428"}],"version-history":[{"count":1,"href":"https:\/\/zonaroja.com.mx\/index.php?rest_route=\/wp\/v2\/posts\/37428\/revisions"}],"predecessor-version":[{"id":37430,"href":"https:\/\/zonaroja.com.mx\/index.php?rest_route=\/wp\/v2\/posts\/37428\/revisions\/37430"}],"wp:featuredmedia":[{"embeddable":true,"href":"https:\/\/zonaroja.com.mx\/index.php?rest_route=\/wp\/v2\/media\/37429"}],"wp:attachment":[{"href":"https:\/\/zonaroja.com.mx\/index.php?rest_route=%2Fwp%2Fv2%2Fmedia&parent=37428"}],"wp:term":[{"taxonomy":"category","embeddable":true,"href":"https:\/\/zonaroja.com.mx\/index.php?rest_route=%2Fwp%2Fv2%2Fcategories&post=37428"},{"taxonomy":"post_tag","embeddable":true,"href":"https:\/\/zonaroja.com.mx\/index.php?rest_route=%2Fwp%2Fv2%2Ftags&post=37428"}],"curies":[{"name":"wp","href":"https:\/\/api.w.org\/{rel}","templated":true}]}}