{"id":37431,"date":"2022-02-10T21:41:21","date_gmt":"2022-02-11T03:41:21","guid":{"rendered":"http:\/\/www.zonaroja.com.mx\/?p=37431"},"modified":"2022-02-10T21:46:53","modified_gmt":"2022-02-11T03:46:53","slug":"confirma-fiscalia-de-oaxaca-asesinato-de-periodista-hay-dos-detenidos","status":"publish","type":"post","link":"https:\/\/zonaroja.com.mx\/?p=37431","title":{"rendered":"Confirma Fiscal\u00eda de Oaxaca asesinato de periodista; hay dos detenidos"},"content":{"rendered":"\n<p>Redacci\u00f3n\/Zona Roja.<\/p>\n\n\n\n<p>Oaxaca de Ju\u00e1rez, Oax., 10 de febrero de 2022.- La Fiscal\u00eda General del Estado de Oaxaca (FGEO) confirm\u00f3 el asesinato del periodista H\u00e9ber L\u00f3pez V\u00e1squez, ocurrido esta tarde-noche en el municipio de Salina Cruz.<\/p>\n\n\n\n<p>A trav\u00e9s de un comunicado, inform\u00f3 que investiga a dos personas detenidas por su probable responsabilidad en el homicidio. La Vicefiscal\u00eda Regional del Istmo inici\u00f3 la carpeta de investigaci\u00f3n 4748\/FIST\/SALINA\/2022, en contra de dos probables responsables, los hombres identificados como R. G. R. y R.E.C.<\/p>\n\n\n\n<p>De acuerdo con los primeros datos recabados, los hechos ocurrieron la tarde de este jueves 10 de febrero de 2022, en el Barrio El Espinal del municipio de Salina Cruz, cuando dos personas interceptaron a la v\u00edctima y le dispararon cuando ingresaba a un domicilio. Las heridas infligidas le provocaron la muerte a H. F. L. V. (H\u00e9ber L\u00f3pez V\u00e1squez)<\/p>\n\n\n\n<p>Tras la agresi\u00f3n, los probables autores materiales emprendieron la huida, \u201cpero gracias a la intervenci\u00f3n de la Polic\u00eda Municipal de Salina Cruz los dos probables responsables fueron detenidos, a quienes aseguraron un arma de fuego\u201d, indic\u00f3 la Fiscal\u00eda.<\/p>\n\n\n\n<p>Detall\u00f3 que al tener conocimiento del caso, la Fiscal\u00eda de Oaxaca intervino en el procesamiento del lugar de donde trabajan peritos y elementos de la Agencia Estatal de Investigaciones.<\/p>\n\n\n\n<p>\u201cCombatir la impunidad en agresiones contra periodistas y comunicadores es un compromiso prioritario de la FGEO para garantizar la libertad de expresi\u00f3n en nuestro estado\u201d, expuso.<\/p>\n","protected":false},"excerpt":{"rendered":"<p>Redacci\u00f3n\/Zona Roja. Oaxaca de Ju\u00e1rez, Oax., 10 de febrero de 2022.- La Fiscal\u00eda General del&hellip;<\/p>\n","protected":false},"author":2,"featured_media":37443,"comment_status":"closed","ping_status":"open","sticky":false,"template":"","format":"standard","meta":{"_lmt_disableupdate":"","_lmt_disable":"","_jetpack_memberships_contains_paid_content":false,"footnotes":""},"categories":[109,51],"tags":[168],"class_list":["post-37431","post","type-post","status-publish","format-standard","has-post-thumbnail","hentry","category-minuto-a-minuto","category-zona-roja","tag-salina-cruz"],"jetpack_featured_media_url":"https:\/\/zonaroja.com.mx\/wp-content\/uploads\/2022\/02\/Periodista-asesinado-Salina-CRuz.jpg","jetpack_sharing_enabled":true,"_links":{"self":[{"href":"https:\/\/zonaroja.com.mx\/index.php?rest_route=\/wp\/v2\/posts\/37431","targetHints":{"allow":["GET"]}}],"collection":[{"href":"https:\/\/zonaroja.com.mx\/index.php?rest_route=\/wp\/v2\/posts"}],"about":[{"href":"https:\/\/zonaroja.com.mx\/index.php?rest_route=\/wp\/v2\/types\/post"}],"author":[{"embeddable":true,"href":"https:\/\/zonaroja.com.mx\/index.php?rest_route=\/wp\/v2\/users\/2"}],"replies":[{"embeddable":true,"href":"https:\/\/zonaroja.com.mx\/index.php?rest_route=%2Fwp%2Fv2%2Fcomments&post=37431"}],"version-history":[{"count":1,"href":"https:\/\/zonaroja.com.mx\/index.php?rest_route=\/wp\/v2\/posts\/37431\/revisions"}],"predecessor-version":[{"id":37441,"href":"https:\/\/zonaroja.com.mx\/index.php?rest_route=\/wp\/v2\/posts\/37431\/revisions\/37441"}],"wp:featuredmedia":[{"embeddable":true,"href":"https:\/\/zonaroja.com.mx\/index.php?rest_route=\/wp\/v2\/media\/37443"}],"wp:attachment":[{"href":"https:\/\/zonaroja.com.mx\/index.php?rest_route=%2Fwp%2Fv2%2Fmedia&parent=37431"}],"wp:term":[{"taxonomy":"category","embeddable":true,"href":"https:\/\/zonaroja.com.mx\/index.php?rest_route=%2Fwp%2Fv2%2Fcategories&post=37431"},{"taxonomy":"post_tag","embeddable":true,"href":"https:\/\/zonaroja.com.mx\/index.php?rest_route=%2Fwp%2Fv2%2Ftags&post=37431"}],"curies":[{"name":"wp","href":"https:\/\/api.w.org\/{rel}","templated":true}]}}