{"id":37436,"date":"2022-02-10T16:50:34","date_gmt":"2022-02-10T22:50:34","guid":{"rendered":"https:\/\/www.zonaroja.com.mx\/?p=37436"},"modified":"2022-02-10T16:52:14","modified_gmt":"2022-02-10T22:52:14","slug":"reconoce-sspo-que-acusados-de-secuestro-son-elementos-de-la-policia-estatal","status":"publish","type":"post","link":"https:\/\/zonaroja.com.mx\/?p=37436","title":{"rendered":"Reconoce SSPO que acusados de secuestro son elementos de la Polic\u00eda Estatal"},"content":{"rendered":"\n<p>Redacci\u00f3n\/Zona Roja. <\/p>\n\n\n\n<p>Oaxaca de Ju\u00e1rez, Oax., 10 de febrero de 2022.- La Secretar\u00eda de Seguridad P\u00fablica de Oaxaca (SSPO) reconoci\u00f3 que los dos elementos detenidos ayer, acusados de secuestro, s\u00ed pertenecen a la Polic\u00eda Estatal. <\/p>\n\n\n\n<p>Indic\u00f3 que, tras haber realizado las indagatorias sobre el caso de presunta agresi\u00f3n a la integridad f\u00edsica de un ciudadano, en el puente del Instituto Tecnol\u00f3gico de Oaxaca, ocurrido la tarde de ayer 9 de febrero del presente a\u00f1o, corrobor\u00f3 que ambos elementos pertenecen a la Polic\u00eda Estatal, adscritos al \u00e1rea de Investigaciones de campo de la corporaci\u00f3n.<\/p>\n\n\n\n<p>Expuso que el director Jur\u00eddico de la Polic\u00eda Estatal, en coordinaci\u00f3n con el Comisionado de la misma corporaci\u00f3n, se mantienen atentos a la investigaci\u00f3n iniciada por la Fiscal\u00eda General de Justicia del Estado (FGEO), a fin de esclarecer los hechos ocurridos.<\/p>\n\n\n\n<p>Detall\u00f3 que al ciudadano se le garantiz\u00f3 que dar\u00e1  estricto cumplimiento a la ley en el caso. La Secretar\u00eda exhort\u00f3 a la poblaci\u00f3n en general a sumar acciones en favor de la paz social en la entidad, a conducirse siempre en el marco de la legalidad.<\/p>\n\n\n\n<p>\u201cPor nuestra parte reforzamos la profesionalizaci\u00f3n de nuestras corporaciones policiales, siempre en atenci\u00f3n a las demandas de las y los oaxaque\u00f1os\u201d, indic\u00f3. <\/p>\n\n\n\n<p><\/p>\n","protected":false},"excerpt":{"rendered":"<p>Redacci\u00f3n\/Zona Roja. Oaxaca de Ju\u00e1rez, Oax., 10 de febrero de 2022.- La Secretar\u00eda de Seguridad&hellip;<\/p>\n","protected":false},"author":2,"featured_media":37435,"comment_status":"closed","ping_status":"open","sticky":false,"template":"","format":"standard","meta":{"_lmt_disableupdate":"","_lmt_disable":"","_jetpack_memberships_contains_paid_content":false,"footnotes":""},"categories":[109,47],"tags":[],"class_list":["post-37436","post","type-post","status-publish","format-standard","has-post-thumbnail","hentry","category-minuto-a-minuto","category-zona-gris"],"jetpack_featured_media_url":"https:\/\/zonaroja.com.mx\/wp-content\/uploads\/2022\/02\/79d3194c-d40e-475d-9c71-c026c8acdd68.jpg","jetpack_sharing_enabled":true,"_links":{"self":[{"href":"https:\/\/zonaroja.com.mx\/index.php?rest_route=\/wp\/v2\/posts\/37436","targetHints":{"allow":["GET"]}}],"collection":[{"href":"https:\/\/zonaroja.com.mx\/index.php?rest_route=\/wp\/v2\/posts"}],"about":[{"href":"https:\/\/zonaroja.com.mx\/index.php?rest_route=\/wp\/v2\/types\/post"}],"author":[{"embeddable":true,"href":"https:\/\/zonaroja.com.mx\/index.php?rest_route=\/wp\/v2\/users\/2"}],"replies":[{"embeddable":true,"href":"https:\/\/zonaroja.com.mx\/index.php?rest_route=%2Fwp%2Fv2%2Fcomments&post=37436"}],"version-history":[{"count":1,"href":"https:\/\/zonaroja.com.mx\/index.php?rest_route=\/wp\/v2\/posts\/37436\/revisions"}],"predecessor-version":[{"id":37437,"href":"https:\/\/zonaroja.com.mx\/index.php?rest_route=\/wp\/v2\/posts\/37436\/revisions\/37437"}],"wp:featuredmedia":[{"embeddable":true,"href":"https:\/\/zonaroja.com.mx\/index.php?rest_route=\/wp\/v2\/media\/37435"}],"wp:attachment":[{"href":"https:\/\/zonaroja.com.mx\/index.php?rest_route=%2Fwp%2Fv2%2Fmedia&parent=37436"}],"wp:term":[{"taxonomy":"category","embeddable":true,"href":"https:\/\/zonaroja.com.mx\/index.php?rest_route=%2Fwp%2Fv2%2Fcategories&post=37436"},{"taxonomy":"post_tag","embeddable":true,"href":"https:\/\/zonaroja.com.mx\/index.php?rest_route=%2Fwp%2Fv2%2Ftags&post=37436"}],"curies":[{"name":"wp","href":"https:\/\/api.w.org\/{rel}","templated":true}]}}