{"id":37439,"date":"2022-02-10T20:21:58","date_gmt":"2022-02-11T02:21:58","guid":{"rendered":"https:\/\/www.zonaroja.com.mx\/?p=37439"},"modified":"2022-02-10T20:22:00","modified_gmt":"2022-02-11T02:22:00","slug":"entre-protesta-de-padres-de-ninos-con-cancer-comparece-titular-de-los-sso","status":"publish","type":"post","link":"https:\/\/zonaroja.com.mx\/?p=37439","title":{"rendered":"Entre protesta de padres de ni\u00f1os con c\u00e1ncer, comparece titular de los SSO"},"content":{"rendered":"\n<p>Yuridiana Sosa\/Zona Roja.<\/p>\n\n\n\n<p>Oaxaca de Ju\u00e1rez, Oax., 10 de febrero de 2022.- Por la salud de los menores de edad que padecen de c\u00e1ncer, sufriendo a\u00fan m\u00e1s por la escasez de medicamentos, \u201cno hay perd\u00f3n ni olvido\u201d.<\/p>\n\n\n\n<p>Por eso,&nbsp;este jueves&nbsp;padres de familia de ni\u00f1os, ni\u00f1as y adolescentes que sufren de un c\u00e1ncer se manifestaron en la sede del Congreso local durante la comparecencia del titular de los Servicios de Salud de Oaxaca y Secretario de Salud en la entidad, Juan Carlos M\u00e1rquez Heine.<\/p>\n\n\n\n<p>Los tutores exhibieron por medio de cartulinas a mano alzada las deficiencias m\u00e9dicas que viven y exigieron soluci\u00f3n a este problema que cada vez es mayor y del que siguen padeciendo las familias oaxaque\u00f1as.<\/p>\n\n\n\n<p>&nbsp;\u201cQue nos comprueben lo que dice Insabi que mand\u00f3 a Oaxaca\u201d, demand\u00f3 en su mensaje una madre de familia, en representaci\u00f3n de otros padres que en conjunto se han manifestado en diversas ocasiones en Oaxaca para denunciar las carencias.&nbsp;<\/p>\n\n\n\n<p>Mientras el secretario ofrec\u00eda su reporte por la glosa del quinto informe de gobierno de Alejandro Murat, con cifras alentadoras a los ojos de las autoridades, otros padres solo piden \u201cvida\u201d para sus hijos.<\/p>\n\n\n\n<p>&nbsp;\u201cEsmeralda quiere vivir, mi hija necesita una operaci\u00f3n en el cerebro para quitar el tumor y me est\u00e1n cobrando\u201d, se ley\u00f3 en otra cartulina; as\u00ed como la peque\u00f1a Adilenne Itahi, pidi\u00f3, por medio de una pancarta que sostiene su madre, ayuda para comprar quimioterapias para superar la leucemia, pues su tratamiento tiene un costo aproximado de 42 mil pesos.<\/p>\n\n\n\n<p>El informe no corresponde con la realidad que se vive, no convenci\u00f3 a varios diputados, principalmente de la fracci\u00f3n de Morena, quienes cuestionaron al funcionario.<\/p>\n\n\n\n<p>\u201cLe pido que renuncie al cargo por las deficiencias\u2026incluso en esta casa del pueblo no es usted bienvenido\u201d, se\u00f1al\u00f3 la diputada Lizett Arroyo Rodr\u00edguez.<\/p>\n\n\n\n<p>Los diputados C\u00e9sar Mateos Ben\u00edtez y Nancy Ben\u00edtez Zarate tambi\u00e9n expresaron su inconformidad, se\u00f1alando las incongruencias donde justifica algunas faltas en la atenci\u00f3n al servicio de salud por el d\u00e9ficit de personal m\u00e9dico, pero despidi\u00f3 a m\u00e1s de mil m\u00e9dicos y personal de enfermer\u00eda.&nbsp;<\/p>\n\n\n\n<p>Con justificaciones de sobra sobre los resultados, el titular de los SSO sali\u00f3 del recinto legislativo, orgulloso de su labor y de los resultados que est\u00e1 entregando al gobernador. <\/p>\n","protected":false},"excerpt":{"rendered":"<p>Yuridiana Sosa\/Zona Roja. Oaxaca de Ju\u00e1rez, Oax., 10 de febrero de 2022.- Por la salud&hellip;<\/p>\n","protected":false},"author":2,"featured_media":37438,"comment_status":"closed","ping_status":"open","sticky":false,"template":"","format":"standard","meta":{"_lmt_disableupdate":"","_lmt_disable":"","_jetpack_memberships_contains_paid_content":false,"footnotes":""},"categories":[109,47],"tags":[],"class_list":["post-37439","post","type-post","status-publish","format-standard","has-post-thumbnail","hentry","category-minuto-a-minuto","category-zona-gris"],"jetpack_featured_media_url":"https:\/\/zonaroja.com.mx\/wp-content\/uploads\/2022\/02\/34b7a4ad-a132-4f65-b23c-94469f611b29.jpg","jetpack_sharing_enabled":true,"_links":{"self":[{"href":"https:\/\/zonaroja.com.mx\/index.php?rest_route=\/wp\/v2\/posts\/37439","targetHints":{"allow":["GET"]}}],"collection":[{"href":"https:\/\/zonaroja.com.mx\/index.php?rest_route=\/wp\/v2\/posts"}],"about":[{"href":"https:\/\/zonaroja.com.mx\/index.php?rest_route=\/wp\/v2\/types\/post"}],"author":[{"embeddable":true,"href":"https:\/\/zonaroja.com.mx\/index.php?rest_route=\/wp\/v2\/users\/2"}],"replies":[{"embeddable":true,"href":"https:\/\/zonaroja.com.mx\/index.php?rest_route=%2Fwp%2Fv2%2Fcomments&post=37439"}],"version-history":[{"count":1,"href":"https:\/\/zonaroja.com.mx\/index.php?rest_route=\/wp\/v2\/posts\/37439\/revisions"}],"predecessor-version":[{"id":37440,"href":"https:\/\/zonaroja.com.mx\/index.php?rest_route=\/wp\/v2\/posts\/37439\/revisions\/37440"}],"wp:featuredmedia":[{"embeddable":true,"href":"https:\/\/zonaroja.com.mx\/index.php?rest_route=\/wp\/v2\/media\/37438"}],"wp:attachment":[{"href":"https:\/\/zonaroja.com.mx\/index.php?rest_route=%2Fwp%2Fv2%2Fmedia&parent=37439"}],"wp:term":[{"taxonomy":"category","embeddable":true,"href":"https:\/\/zonaroja.com.mx\/index.php?rest_route=%2Fwp%2Fv2%2Fcategories&post=37439"},{"taxonomy":"post_tag","embeddable":true,"href":"https:\/\/zonaroja.com.mx\/index.php?rest_route=%2Fwp%2Fv2%2Ftags&post=37439"}],"curies":[{"name":"wp","href":"https:\/\/api.w.org\/{rel}","templated":true}]}}