{"id":37444,"date":"2022-02-10T22:09:43","date_gmt":"2022-02-11T04:09:43","guid":{"rendered":"http:\/\/www.zonaroja.com.mx\/?p=37444"},"modified":"2022-02-10T22:09:47","modified_gmt":"2022-02-11T04:09:47","slug":"ante-amenazas-y-hostigamiento-red-estatal-de-victimas-anuncia-movilizaciones","status":"publish","type":"post","link":"https:\/\/zonaroja.com.mx\/?p=37444","title":{"rendered":"Ante amenazas y hostigamiento, Red Estatal de V\u00edctimas anuncia movilizaciones"},"content":{"rendered":"\n<p>Yuridiana Sosa\/Zona Roja.<\/p>\n\n\n\n<p>Oaxaca de Ju\u00e1rez, Oax., 10 de febrero de 2022.- La Red Estatal de V\u00edctimas de Oaxaca \u201cTom\u00e1s Mart\u00ednez\u201d denunci\u00f3 la negativa del gobierno estatal para aplicar medidas cautelares a sus integrantes, pese a diversas amenazas de muerte, por lo que realizar\u00e1n una jornada de movilizaciones para exigir el cumplimiento de sus demandas.<\/p>\n\n\n\n<p>Por medio de llamadas telef\u00f3nicas han sido amedrentados dirigentes de esta red, as\u00ed como los que representan a organizaciones como el Movimiento de Unificaci\u00f3n y Lucha Triqui y en Frente Popular Revolucionario, entre otras, que son parte del movimiento, se\u00f1alaron en conferencia de prensa.<\/p>\n\n\n\n<p>Algunas de estas amenazas de muerte y advertencias para que dejen de realizar protestas se han dado tras m\u00edtines que realizan en el z\u00f3calo de la capital. Adem\u00e1s, aseguraron, son hostigados con la presencia de elementos de la Polic\u00eda Estatal en lugares donde han sostenido reuniones.<\/p>\n\n\n\n<p>Los dirigentes apuntaron que por intervenci\u00f3n de la Defensor\u00eda de los Derechos Humanos del Pueblo de Oaxaca han insistido para que la Fiscal\u00eda General de Oaxaca y la Secretar\u00eda General de Gobierno de Oaxaca les otorgue mecanismos de protecci\u00f3n, pero les han sido negadas sin justificaci\u00f3n y sin una evoluci\u00f3n de escenarios de riesgos.<\/p>\n\n\n\n<p>Por tal motivo, y ante la nula respuesta del gobernador Alejandro Murat para recibirlos en una mesa de di\u00e1logo, iniciar\u00e1n una jornada de movilizaci\u00f3n a finales de febrero.<\/p>\n\n\n\n<p>Las acciones que realizar\u00e1n las anunciar\u00e1n en pr\u00f3ximos d\u00edas, sin embargo, sentenciaron que es hasta lograr las garant\u00edas de seguridad para los luchadores sociales, defensores de derechos humanos, responsabilizando al gobierno del estado de cualquier acto de violencia en su contra.<\/p>\n","protected":false},"excerpt":{"rendered":"<p>Yuridiana Sosa\/Zona Roja. Oaxaca de Ju\u00e1rez, Oax., 10 de febrero de 2022.- La Red Estatal&hellip;<\/p>\n","protected":false},"author":2,"featured_media":37445,"comment_status":"closed","ping_status":"open","sticky":false,"template":"","format":"standard","meta":{"_lmt_disableupdate":"","_lmt_disable":"","_jetpack_memberships_contains_paid_content":false,"footnotes":""},"categories":[109,47],"tags":[],"class_list":["post-37444","post","type-post","status-publish","format-standard","has-post-thumbnail","hentry","category-minuto-a-minuto","category-zona-gris"],"jetpack_featured_media_url":"https:\/\/zonaroja.com.mx\/wp-content\/uploads\/2022\/02\/Organizaciones-sociales-Red-Estatal-de-Victimas-conferencia.jpg","jetpack_sharing_enabled":true,"_links":{"self":[{"href":"https:\/\/zonaroja.com.mx\/index.php?rest_route=\/wp\/v2\/posts\/37444","targetHints":{"allow":["GET"]}}],"collection":[{"href":"https:\/\/zonaroja.com.mx\/index.php?rest_route=\/wp\/v2\/posts"}],"about":[{"href":"https:\/\/zonaroja.com.mx\/index.php?rest_route=\/wp\/v2\/types\/post"}],"author":[{"embeddable":true,"href":"https:\/\/zonaroja.com.mx\/index.php?rest_route=\/wp\/v2\/users\/2"}],"replies":[{"embeddable":true,"href":"https:\/\/zonaroja.com.mx\/index.php?rest_route=%2Fwp%2Fv2%2Fcomments&post=37444"}],"version-history":[{"count":1,"href":"https:\/\/zonaroja.com.mx\/index.php?rest_route=\/wp\/v2\/posts\/37444\/revisions"}],"predecessor-version":[{"id":37446,"href":"https:\/\/zonaroja.com.mx\/index.php?rest_route=\/wp\/v2\/posts\/37444\/revisions\/37446"}],"wp:featuredmedia":[{"embeddable":true,"href":"https:\/\/zonaroja.com.mx\/index.php?rest_route=\/wp\/v2\/media\/37445"}],"wp:attachment":[{"href":"https:\/\/zonaroja.com.mx\/index.php?rest_route=%2Fwp%2Fv2%2Fmedia&parent=37444"}],"wp:term":[{"taxonomy":"category","embeddable":true,"href":"https:\/\/zonaroja.com.mx\/index.php?rest_route=%2Fwp%2Fv2%2Fcategories&post=37444"},{"taxonomy":"post_tag","embeddable":true,"href":"https:\/\/zonaroja.com.mx\/index.php?rest_route=%2Fwp%2Fv2%2Ftags&post=37444"}],"curies":[{"name":"wp","href":"https:\/\/api.w.org\/{rel}","templated":true}]}}