{"id":3745,"date":"2019-09-07T10:21:04","date_gmt":"2019-09-07T15:21:04","guid":{"rendered":"http:\/\/www.zonaroja.com.mx\/?p=3745"},"modified":"2019-09-07T10:21:07","modified_gmt":"2019-09-07T15:21:07","slug":"pedira-la-ddhpo-a-fiscalia-haga-busqueda-de-desaparecidos-hace-dos-meses","status":"publish","type":"post","link":"https:\/\/zonaroja.com.mx\/?p=3745","title":{"rendered":"Pedir\u00e1 la DDHPO a Fiscal\u00eda haga b\u00fasqueda de desaparecidos hace dos meses"},"content":{"rendered":"\n<p>Redacci\u00f3n\/Zona\nRoja.<\/p>\n\n\n\n<p>Oaxaca de\nJu\u00e1rez, Oax., 7 de septiembre de 2019.- A dos meses de desaparecidos, ninguna\nautoridad estatal de Oaxaca se ha atrevido a ingresar a Rancho San Felipe G\u00fcil\u00e1\npara realizar la b\u00fasqueda de tres personas.<\/p>\n\n\n\n<p>Al respecto,\nel titular de la Defensor\u00eda de los Derechos Humanos del Pueblo de Oaxaca\n(DDHPO), Bernardo Rodr\u00edguez Alamilla, asegur\u00f3 que coadyuvan con la intenci\u00f3n de\ngenerar las condiciones necesarias que permitan el ingreso a la localidad por\nparte de las autoridades. <\/p>\n\n\n\n<p>En\nentrevista, se\u00f1al\u00f3 que iniciaron un cuaderno de antecedentes de manera propia e\ninsistir\u00e1n que la Fiscal\u00eda General del Estado lleve a cabo el operativo de\nb\u00fasqueda y en su caso recuperaci\u00f3n de las personas.<\/p>\n\n\n\n<p>El defensor reconoci\u00f3\ntambi\u00e9n que no se puede violentar el tejido de la propia comunidad, raz\u00f3n por\nla que buscan el di\u00e1logo con las autoridades de San Felipe G\u00fcila a fin de que\nno se genere mayor violencia en la zona y se permita la entrada de la autoridad\nestatal. <\/p>\n\n\n\n<p>\u201cTenemos que\nbuscar el di\u00e1logo y es lo que estamos haciendo a fin de que no se llegue a\ngenerar mayor violencia en la zona\u201d, explic\u00f3.<\/p>\n\n\n\n<p>Rodr\u00edguez\nAlamilla detall\u00f3 que en caso de no existir disposici\u00f3n al di\u00e1logo por parte de\nlas autoridades de G\u00fcila, se le insistir\u00e1 a la Fiscal\u00eda que realice el\noperativo de b\u00fasqueda por sus propios medios.<\/p>\n\n\n\n<p>En\ndeclaraciones recientes, familiares de las tres personas desaparecidas han\ndenunciaron que ni las autoridades de la Secretar\u00eda General de Gobierno, seguridad\np\u00fablica ni de procuraci\u00f3n de Justicia han querido realizar el operativo de\nb\u00fasqueda para dar con su paradero. <\/p>\n\n\n\n<p>Ram\u00f3n Aar\u00f3n\nGuzm\u00e1n Guzm\u00e1n, padre de M\u00f3nica Guzm\u00e1n Soriano, desaparecida desde el 6 de\njulio, explic\u00f3 que han sostenido reuni\u00f3n con el fiscal general, Rub\u00e9n\nVasconcelos M\u00e9ndez, quien se comprometi\u00f3 a dar resultados que a\u00fan no se ven,\nas\u00ed como con el secretario de Gobierno, H\u00e9ctor Anuar Mafud quien ha sido el\nprincipal opositor de ingresar a la localidad para investigar los hechos.<\/p>\n","protected":false},"excerpt":{"rendered":"<p>Redacci\u00f3n\/Zona Roja. Oaxaca de Ju\u00e1rez, Oax., 7 de septiembre de 2019.- A dos meses de&hellip;<\/p>\n","protected":false},"author":2,"featured_media":3746,"comment_status":"closed","ping_status":"open","sticky":false,"template":"","format":"standard","meta":{"_lmt_disableupdate":"","_lmt_disable":"","_jetpack_memberships_contains_paid_content":false,"footnotes":""},"categories":[109,47],"tags":[329,494],"class_list":["post-3745","post","type-post","status-publish","format-standard","has-post-thumbnail","hentry","category-minuto-a-minuto","category-zona-gris","tag-desaparecidos-san-felipe-guila","tag-fiscalia-general-del-estado-de-oaxaca"],"jetpack_featured_media_url":"https:\/\/zonaroja.com.mx\/wp-content\/uploads\/2019\/09\/Image-1-8.png","jetpack_sharing_enabled":true,"_links":{"self":[{"href":"https:\/\/zonaroja.com.mx\/index.php?rest_route=\/wp\/v2\/posts\/3745","targetHints":{"allow":["GET"]}}],"collection":[{"href":"https:\/\/zonaroja.com.mx\/index.php?rest_route=\/wp\/v2\/posts"}],"about":[{"href":"https:\/\/zonaroja.com.mx\/index.php?rest_route=\/wp\/v2\/types\/post"}],"author":[{"embeddable":true,"href":"https:\/\/zonaroja.com.mx\/index.php?rest_route=\/wp\/v2\/users\/2"}],"replies":[{"embeddable":true,"href":"https:\/\/zonaroja.com.mx\/index.php?rest_route=%2Fwp%2Fv2%2Fcomments&post=3745"}],"version-history":[{"count":1,"href":"https:\/\/zonaroja.com.mx\/index.php?rest_route=\/wp\/v2\/posts\/3745\/revisions"}],"predecessor-version":[{"id":3747,"href":"https:\/\/zonaroja.com.mx\/index.php?rest_route=\/wp\/v2\/posts\/3745\/revisions\/3747"}],"wp:featuredmedia":[{"embeddable":true,"href":"https:\/\/zonaroja.com.mx\/index.php?rest_route=\/wp\/v2\/media\/3746"}],"wp:attachment":[{"href":"https:\/\/zonaroja.com.mx\/index.php?rest_route=%2Fwp%2Fv2%2Fmedia&parent=3745"}],"wp:term":[{"taxonomy":"category","embeddable":true,"href":"https:\/\/zonaroja.com.mx\/index.php?rest_route=%2Fwp%2Fv2%2Fcategories&post=3745"},{"taxonomy":"post_tag","embeddable":true,"href":"https:\/\/zonaroja.com.mx\/index.php?rest_route=%2Fwp%2Fv2%2Ftags&post=3745"}],"curies":[{"name":"wp","href":"https:\/\/api.w.org\/{rel}","templated":true}]}}