{"id":37455,"date":"2022-02-11T08:16:42","date_gmt":"2022-02-11T14:16:42","guid":{"rendered":"http:\/\/www.zonaroja.com.mx\/?p=37455"},"modified":"2022-02-11T08:16:44","modified_gmt":"2022-02-11T14:16:44","slug":"asesinan-a-balazos-a-mujer-en-amoltepec-oaxaca-dejo-6-huerfanos","status":"publish","type":"post","link":"https:\/\/zonaroja.com.mx\/?p=37455","title":{"rendered":"Asesinan a balazos a mujer en Amoltepec, Oaxaca; dej\u00f3 6 hu\u00e9rfanos"},"content":{"rendered":"\n<p>Ismael Garc\u00eda M.\/Zona Roja.<\/p>\n\n\n\n<p>Oaxaca de Ju\u00e1rez, Oax., 11 de febrero de 2022.- Una mujer fue asesinada de varios disparos de arma de fuego en Santiago Amoltepec, municipio de la regi\u00f3n Sierra Sur de Oaxaca.<\/p>\n\n\n\n<p>De acuerdo con informes preliminares, el hecho ocurri\u00f3 el pasado domingo 6 de febrero por la tarde, en la comunidad de Piedra Lisa.<\/p>\n\n\n\n<p>La v\u00edctima fue identificada como Te\u00f3fila V. G. y el probable feminicida habr\u00eda sido su esposo, Antonio Garc\u00eda Roque; en la orfandad quedaron seis menores de edad.<\/p>\n\n\n\n<p>A trav\u00e9s de las redes sociales, familiares y pobladores de la comunidad exigen justicia y la detenci\u00f3n del presunto agresor que, aseguran, pasea por el centro de Amoltepec.<\/p>\n\n\n\n<p>Los hijos tienen 13, 11, 9, 6 y 3 a\u00f1os de edad, as\u00ed como una beb\u00e9 de cinco meses.<\/p>\n\n\n\n<p>\u201cEstamos muy adoloridos, por favor ay\u00fadenme a capturarlo, anda libre aqu\u00ed en Santiago Amoltepec en el centro, si lo ven h\u00e1ganlo, hay un Dios que todo lo ve.<\/p>\n\n\n\n<p>\u201cNo se ha hecho justicia, sus padres se llaman Dionicia y Laureano, de Piedra Lisa\u201d, refiere uno de los familiares.<\/p>\n","protected":false},"excerpt":{"rendered":"<p>Ismael Garc\u00eda M.\/Zona Roja. Oaxaca de Ju\u00e1rez, Oax., 11 de febrero de 2022.- Una mujer&hellip;<\/p>\n","protected":false},"author":2,"featured_media":37456,"comment_status":"closed","ping_status":"open","sticky":false,"template":"","format":"standard","meta":{"_lmt_disableupdate":"","_lmt_disable":"","_jetpack_memberships_contains_paid_content":false,"footnotes":""},"categories":[109,51],"tags":[860],"class_list":["post-37455","post","type-post","status-publish","format-standard","has-post-thumbnail","hentry","category-minuto-a-minuto","category-zona-roja","tag-santiago-amoltepec"],"jetpack_featured_media_url":"https:\/\/zonaroja.com.mx\/wp-content\/uploads\/2022\/02\/Asesinada-Amoltepec-Oaxaca.jpg","jetpack_sharing_enabled":true,"_links":{"self":[{"href":"https:\/\/zonaroja.com.mx\/index.php?rest_route=\/wp\/v2\/posts\/37455","targetHints":{"allow":["GET"]}}],"collection":[{"href":"https:\/\/zonaroja.com.mx\/index.php?rest_route=\/wp\/v2\/posts"}],"about":[{"href":"https:\/\/zonaroja.com.mx\/index.php?rest_route=\/wp\/v2\/types\/post"}],"author":[{"embeddable":true,"href":"https:\/\/zonaroja.com.mx\/index.php?rest_route=\/wp\/v2\/users\/2"}],"replies":[{"embeddable":true,"href":"https:\/\/zonaroja.com.mx\/index.php?rest_route=%2Fwp%2Fv2%2Fcomments&post=37455"}],"version-history":[{"count":1,"href":"https:\/\/zonaroja.com.mx\/index.php?rest_route=\/wp\/v2\/posts\/37455\/revisions"}],"predecessor-version":[{"id":37457,"href":"https:\/\/zonaroja.com.mx\/index.php?rest_route=\/wp\/v2\/posts\/37455\/revisions\/37457"}],"wp:featuredmedia":[{"embeddable":true,"href":"https:\/\/zonaroja.com.mx\/index.php?rest_route=\/wp\/v2\/media\/37456"}],"wp:attachment":[{"href":"https:\/\/zonaroja.com.mx\/index.php?rest_route=%2Fwp%2Fv2%2Fmedia&parent=37455"}],"wp:term":[{"taxonomy":"category","embeddable":true,"href":"https:\/\/zonaroja.com.mx\/index.php?rest_route=%2Fwp%2Fv2%2Fcategories&post=37455"},{"taxonomy":"post_tag","embeddable":true,"href":"https:\/\/zonaroja.com.mx\/index.php?rest_route=%2Fwp%2Fv2%2Ftags&post=37455"}],"curies":[{"name":"wp","href":"https:\/\/api.w.org\/{rel}","templated":true}]}}