{"id":37458,"date":"2022-02-11T08:27:17","date_gmt":"2022-02-11T14:27:17","guid":{"rendered":"http:\/\/www.zonaroja.com.mx\/?p=37458"},"modified":"2022-02-11T08:27:19","modified_gmt":"2022-02-11T14:27:19","slug":"carcel-para-secretario-de-salud-de-oaxaca-pide-diputado-de-morena","status":"publish","type":"post","link":"https:\/\/zonaroja.com.mx\/?p=37458","title":{"rendered":"C\u00e1rcel para secretario de Salud de Oaxaca pide diputado de Morena"},"content":{"rendered":"\n<p>Redacci\u00f3n\/Zona Roja.<\/p>\n\n\n\n<p>Oaxaca de Ju\u00e1rez, Oax. 11 de febrero de 2022.- El diputado C\u00e9sar Mateos Ben\u00edtez, exigi\u00f3 a las autoridades correspondientes que, el secretario de Salud de Oaxaca, Juan Carlos M\u00e1rquez Heine, vaya a prisi\u00f3n por los presuntos delitos de corrupci\u00f3n, saqueo y la muerte de personas ocasionadas por falta de personal m\u00e9dico en hospitales p\u00fablicos en Oaxaca.<\/p>\n\n\n\n<p>El diputado del Grupo Parlamentario Morena, recrimin\u00f3 al titular de los Servicios de Salud la falta de transparencia en el uso de los recursos p\u00fablicos, el desabasto de medicamentos y las nulas&nbsp; acciones en beneficio de la poblaci\u00f3n durante la pandemia por&nbsp; Covid-19 en la entidad.<\/p>\n\n\n\n<p>\u201cUsted secretario ha contribuido con creces a que contin\u00fae la tragedia oaxaque\u00f1a. Usted tiene sangre en las manos. En la historia de Oaxaca, el nombre de usted ya est\u00e1 ligado de manera inseparable a la corrupci\u00f3n, al saqueo, a la muerte. Usted, secretario, deber\u00eda estar en la c\u00e1rcel, como el criminal que es\u201d se\u00f1al\u00f3.<\/p>\n\n\n\n<p>Mateos Ben\u00edtez consider\u00f3 inaceptable el informe que present\u00f3 a la diputaci\u00f3n local el funcionario p\u00fablico encargado de los servicios de salud para las y&nbsp; los oaxaque\u00f1os, porque dijo, es un informe simulado, que careci\u00f3 de transparencia y que visiblemente contrasta con la realidad.<\/p>\n\n\n\n<p>\u201cEs lamentable que esta dependencia sea justo la m\u00e1s opaca de la administraci\u00f3n estatal, cuando todo este gobierno es tan claro como el lodo espeso\u201d apunt\u00f3 el congresista.<\/p>\n\n\n\n<p>Cuestion\u00f3 a M\u00e1rquez Heine sobre el despidi\u00f3 de casi tres mil personas de los equipos m\u00e9dico y de enfermer\u00eda en plena pandemia, hecho que calific\u00f3 como un acto criminal de parte del servidor p\u00fablico.<\/p>\n\n\n\n<p>\u201cPor qu\u00e9 despedir al personal m\u00e9dico en lugar de correr a quienes fungen como escoltas, a los choferes de los funcionarios, a la nana del ex secretario Donato Casas, a los cientos de aviadores que este a\u00f1o van a ocupar como operadores electorales \u201cse\u00f1al\u00f3.<\/p>\n\n\n\n<p>Dijo que, el saqueo a las arcas de salud del gobierno estatal actual, son iguales o peores que las de los gobiernos que anteceden al de Alejandro Murat. Expuso que est\u00e1 documentado el saqueo de Ulises Ruiz, por m\u00e1s de cuatro mil millones de pesos, de los cuales, al menos 90 millones fueron en Salud.<\/p>\n\n\n\n<p>\u201cEn 2006 y 2007, de esa dependencia sali\u00f3 el pago de las armas, los celulares y una parte de los paramilitares que persiguieron y asesinaron a nuestros compa\u00f1eros del movimiento social, es claro que el saqueo continu\u00f3 con Gabino Cu\u00e9, pero tambi\u00e9n es claro que no acab\u00f3 con \u00e9l \u201drecrimin\u00f3 el representante popular.<\/p>\n\n\n\n<p>Finalmente el diputado C\u00e9sar Mateos, dijo que en&nbsp; este gobierno, como en los anteriores, los Servicios de Salud son s\u00edmbolo de la corrupci\u00f3n. De funcionarios sin el m\u00ednimo sentido de servicio, sin recato, que llegan a apropiarse del dinero del pueblo.<\/p>\n\n\n\n<p>Esto durante&nbsp; la participaci\u00f3n del legislador en la comparecencia del titular de los Servicios de Salud,&nbsp; ante las y los diputados&nbsp; que integran la 65 Legislatura local, en el marco de la glosa del Quinto Informe del gobernador Alejandro Murat Hinojosa.<\/p>\n","protected":false},"excerpt":{"rendered":"<p>Redacci\u00f3n\/Zona Roja. Oaxaca de Ju\u00e1rez, Oax. 11 de febrero de 2022.- El diputado C\u00e9sar Mateos&hellip;<\/p>\n","protected":false},"author":2,"featured_media":37459,"comment_status":"closed","ping_status":"open","sticky":false,"template":"","format":"standard","meta":{"_lmt_disableupdate":"","_lmt_disable":"","_jetpack_memberships_contains_paid_content":false,"footnotes":""},"categories":[109,47],"tags":[2387],"class_list":["post-37458","post","type-post","status-publish","format-standard","has-post-thumbnail","hentry","category-minuto-a-minuto","category-zona-gris","tag-cesar-mateos-benitez"],"jetpack_featured_media_url":"https:\/\/zonaroja.com.mx\/wp-content\/uploads\/2022\/02\/Cesar-Mateos-Benitez.jpeg","jetpack_sharing_enabled":true,"_links":{"self":[{"href":"https:\/\/zonaroja.com.mx\/index.php?rest_route=\/wp\/v2\/posts\/37458","targetHints":{"allow":["GET"]}}],"collection":[{"href":"https:\/\/zonaroja.com.mx\/index.php?rest_route=\/wp\/v2\/posts"}],"about":[{"href":"https:\/\/zonaroja.com.mx\/index.php?rest_route=\/wp\/v2\/types\/post"}],"author":[{"embeddable":true,"href":"https:\/\/zonaroja.com.mx\/index.php?rest_route=\/wp\/v2\/users\/2"}],"replies":[{"embeddable":true,"href":"https:\/\/zonaroja.com.mx\/index.php?rest_route=%2Fwp%2Fv2%2Fcomments&post=37458"}],"version-history":[{"count":1,"href":"https:\/\/zonaroja.com.mx\/index.php?rest_route=\/wp\/v2\/posts\/37458\/revisions"}],"predecessor-version":[{"id":37460,"href":"https:\/\/zonaroja.com.mx\/index.php?rest_route=\/wp\/v2\/posts\/37458\/revisions\/37460"}],"wp:featuredmedia":[{"embeddable":true,"href":"https:\/\/zonaroja.com.mx\/index.php?rest_route=\/wp\/v2\/media\/37459"}],"wp:attachment":[{"href":"https:\/\/zonaroja.com.mx\/index.php?rest_route=%2Fwp%2Fv2%2Fmedia&parent=37458"}],"wp:term":[{"taxonomy":"category","embeddable":true,"href":"https:\/\/zonaroja.com.mx\/index.php?rest_route=%2Fwp%2Fv2%2Fcategories&post=37458"},{"taxonomy":"post_tag","embeddable":true,"href":"https:\/\/zonaroja.com.mx\/index.php?rest_route=%2Fwp%2Fv2%2Ftags&post=37458"}],"curies":[{"name":"wp","href":"https:\/\/api.w.org\/{rel}","templated":true}]}}