{"id":37467,"date":"2022-02-11T09:01:29","date_gmt":"2022-02-11T15:01:29","guid":{"rendered":"http:\/\/www.zonaroja.com.mx\/?p=37467"},"modified":"2022-02-11T10:27:48","modified_gmt":"2022-02-11T16:27:48","slug":"hay-capos-en-el-gobierno-morenista-de-juchitan-asegura-gobernador","status":"publish","type":"post","link":"https:\/\/zonaroja.com.mx\/?p=37467","title":{"rendered":"Hay \u201ccapos\u201d en el gobierno morenista de Juchit\u00e1n, asegura gobernador"},"content":{"rendered":"\n<p>Ismael Garc\u00eda M.\/Zona Roja.<\/p>\n\n\n\n<p>Oaxaca de Ju\u00e1rez, Oax., 11 de febrero de 2022.- \u00a1Como municipios, como Juchit\u00e1n, que en su Cabildo tienen hombres de capos de la mafia!, hoy les pregunto, \u00bfqueremos m\u00e1s experimentos?, \u00bfqueremos la gobernabilidad?\u201d.<\/p>\n\n\n\n<p>As\u00ed se expres\u00f3 anoche el gobernador de Oaxaca, Alejandro Murat Hinojosa, durante un mitin del Partido Revolucionario Institucional (PRI), en que efectu\u00f3 su convenci\u00f3n estatal, para elegir a Alejandro Avil\u00e9s \u00c1lvarez como su candidato a gobernador.<\/p>\n\n\n\n<p>El mandatario acudi\u00f3 al encuentro efectuado en el auditorio \u201cGuelaguetza\u201d de la capital, en que hubo connatos de enfrentamientos, donde tambi\u00e9n estuvo el dirigente nacional del PRI, Alejandro Moreno, as\u00ed como el presidente estatal Javier Villaca\u00f1a Jim\u00e9nez.<\/p>\n\n\n\n<p>\u201c\u00a1Avil\u00e9s, Avil\u00e9s, Avil\u00e9s! \u00a1Repitan conmigo, Avil\u00e9s, Avil\u00e9s, Avil\u00e9s!; \u00a1repitan conmigo, el 5 de junio vamos a ganar!, areng\u00f3 el mandatario estatal, ante un auditorio abarrotado, cuya gente fue tra\u00edda de diversas regiones del estado.<\/p>\n\n\n\n<p>En su mensaje, Murat Hinojosa asegur\u00f3 que acudi\u00f3 en su car\u00e1cter de consejero pol\u00edtico del partido. \u201cEstoy aqu\u00ed en mi car\u00e1cter de priista, estoy aqu\u00ed a las siete de la noche, que no es hora laboral. Pero estoy aqu\u00ed porque una vez m\u00e1s estamos emplazados, nos ha emplazado una vez m\u00e1s la historia\u201d, dijo.<\/p>\n\n\n\n<p>\u201cEstamos aqu\u00ed para trabajar por la seguridad de nuestros hijos, de nuestras familias; basta observar c\u00f3mo municipios como Juchit\u00e1n en su Cabildo tienen hombres de capos de la mafia.<\/p>\n\n\n\n<p>\u201cHoy les pregunto, \u00bfqueremos m\u00e1s experimentos?, \u00bfqueremos la gobernabilidad que tiene Oaxaca?, \u00bfqueremos seguir creciendo? Oaxaca hoy crece, crece m\u00e1s que todo el pa\u00eds, as\u00ed lo dice el Inegi\u201d, remarc\u00f3 el mandatario.<\/p>\n\n\n\n<p>\u201cOaxaca hoy es ejemplo para enfrentar la pobreza, as\u00ed lo dice Coneval; Oaxaca hoy termina las obras inconclusas, que llevaba sexenios abandonados; Oaxaca hy termina los ciclos escolares, como no hab\u00eda sucedido en m\u00e1s de una d\u00e9cada. Oaxaca hoy respeta la dignidad de los maestros, de los doctores, de las doctoras, de las organizaciones sociales\u201d, manifest\u00f3.<\/p>\n\n\n\n<p>\u201cLes pregunto: \u00bfquieren un Oaxaca enfrentado?, \u00bfquieren un Oaxaca que destruya?, \u00bfquieren experimentos como lo hemos visto en el pasado?, \u00bfhoy, estamos aqu\u00ed emplazados para rendir homenaje a nuestra tierra\u201d, dijo el gobernador.<\/p>\n\n\n\n<p>El Cabildo de Juchit\u00e1n de Zaragoza lo preside por segundo trienio el militante de Morena, Emilio Montero P\u00e9rez; en los dos \u00faltimos a\u00f1os de su gobierno han asesinado a m\u00e1s de 80 personas. <\/p>\n\n\n\n<p>En este a\u00f1o, suman recientemente tres masacres, con al menos 10 personas asesinadas. <\/p>\n","protected":false},"excerpt":{"rendered":"<p>Ismael Garc\u00eda M.\/Zona Roja. Oaxaca de Ju\u00e1rez, Oax., 11 de febrero de 2022.- \u00a1Como municipios,&hellip;<\/p>\n","protected":false},"author":2,"featured_media":37468,"comment_status":"closed","ping_status":"open","sticky":false,"template":"","format":"standard","meta":{"_lmt_disableupdate":"","_lmt_disable":"","_jetpack_memberships_contains_paid_content":false,"footnotes":""},"categories":[109,47],"tags":[173],"class_list":["post-37467","post","type-post","status-publish","format-standard","has-post-thumbnail","hentry","category-minuto-a-minuto","category-zona-gris","tag-alejandro-murat-hinojosa"],"jetpack_featured_media_url":"https:\/\/zonaroja.com.mx\/wp-content\/uploads\/2022\/02\/Alejandro-Murat-Alejandro-Moreno-PRI.jpg","jetpack_sharing_enabled":true,"_links":{"self":[{"href":"https:\/\/zonaroja.com.mx\/index.php?rest_route=\/wp\/v2\/posts\/37467","targetHints":{"allow":["GET"]}}],"collection":[{"href":"https:\/\/zonaroja.com.mx\/index.php?rest_route=\/wp\/v2\/posts"}],"about":[{"href":"https:\/\/zonaroja.com.mx\/index.php?rest_route=\/wp\/v2\/types\/post"}],"author":[{"embeddable":true,"href":"https:\/\/zonaroja.com.mx\/index.php?rest_route=\/wp\/v2\/users\/2"}],"replies":[{"embeddable":true,"href":"https:\/\/zonaroja.com.mx\/index.php?rest_route=%2Fwp%2Fv2%2Fcomments&post=37467"}],"version-history":[{"count":2,"href":"https:\/\/zonaroja.com.mx\/index.php?rest_route=\/wp\/v2\/posts\/37467\/revisions"}],"predecessor-version":[{"id":37470,"href":"https:\/\/zonaroja.com.mx\/index.php?rest_route=\/wp\/v2\/posts\/37467\/revisions\/37470"}],"wp:featuredmedia":[{"embeddable":true,"href":"https:\/\/zonaroja.com.mx\/index.php?rest_route=\/wp\/v2\/media\/37468"}],"wp:attachment":[{"href":"https:\/\/zonaroja.com.mx\/index.php?rest_route=%2Fwp%2Fv2%2Fmedia&parent=37467"}],"wp:term":[{"taxonomy":"category","embeddable":true,"href":"https:\/\/zonaroja.com.mx\/index.php?rest_route=%2Fwp%2Fv2%2Fcategories&post=37467"},{"taxonomy":"post_tag","embeddable":true,"href":"https:\/\/zonaroja.com.mx\/index.php?rest_route=%2Fwp%2Fv2%2Ftags&post=37467"}],"curies":[{"name":"wp","href":"https:\/\/api.w.org\/{rel}","templated":true}]}}