{"id":37472,"date":"2022-02-11T14:24:20","date_gmt":"2022-02-11T20:24:20","guid":{"rendered":"https:\/\/www.zonaroja.com.mx\/?p=37472"},"modified":"2022-02-11T14:24:23","modified_gmt":"2022-02-11T20:24:23","slug":"condena-diputada-asesinato-de-periodista-oaxaqueno","status":"publish","type":"post","link":"https:\/\/zonaroja.com.mx\/?p=37472","title":{"rendered":"Condena diputada asesinato de periodista oaxaque\u00f1o"},"content":{"rendered":"\n<p>&nbsp;Redacci\u00f3n\/Zona Roja.<\/p>\n\n\n\n<p>Oaxaca de Ju\u00e1rez, Oax., 11 de febrero de 2022.-&nbsp;La diputada y presidenta de la Mesa Directiva de la 65 Legislatura local, Mariana Ben\u00edtez Tiburcio, conden\u00f3 el homicidio del periodista H\u00e9ber L\u00f3pez V\u00e1squez, y demand\u00f3 a las autoridades una investigaci\u00f3n pronta y expedita.<\/p>\n\n\n\n<p>\u201cDe ninguna manera nos debemos acostumbrar a la violencia contra los periodistas y comunicadores, tampoco proteger a los agresores ni permitir que la impunidad contin\u00fae\u201d, se\u00f1al\u00f3.<\/p>\n\n\n\n<p>Por tal motivo, solicit\u00f3 a la Fiscal\u00eda General de Justicia del Estado de Oaxaca a continuar con la investigaci\u00f3n que inici\u00f3 para esclarecer el crimen y aplicar la ley contra \u00e9l o los responsables del asesinato, que hasta ahora han sido detenidos dos presuntos responsables. Tambi\u00e9n demand\u00f3 garantizar protecci\u00f3n para la familia de la v\u00edctima.<\/p>\n\n\n\n<p>Asimismo, se solidariz\u00f3 con familiares, amigos y compa\u00f1eros de L\u00f3pez V\u00e1squez, quien fuera director del medio digital \u201cNoticias Web\u201d, en Salina Cruz, en la regi\u00f3n del Istmo de Tehuantepec.<\/p>\n\n\n\n<p>Ante la inseguridad a la cual tambi\u00e9n se expone el gremio period\u00edstico, solicit\u00f3 a los gobiernos federal y estatal, para que desde el \u00e1mbito de su competencia, garanticen la seguridad a los profesionales del periodismo y la comunicaci\u00f3n, para que contin\u00faen ejerciendo su labor de informar a la sociedad, sin que ello implique perder la vida.<\/p>\n\n\n\n<p>\u201cLos derechos de los periodistas y comunicadores deben de ser una prioridad para el Estado, para garantizar su vida libre de violencia, y adem\u00e1s, asegurar la libertad de expresi\u00f3n en nuestro estado\u201d, reiter\u00f3.<\/p>\n\n\n\n<p>H\u00e9ber L\u00f3pez V\u00e1squez fue asesinado la tarde del 10 de febrero en el barrio El Espinal, del municipio de Salina Cruz; con este crimen, son ya 11 periodistas asesinados en Oaxaca en los \u00faltimos 10 a\u00f1os.<\/p>\n","protected":false},"excerpt":{"rendered":"<p>&nbsp;Redacci\u00f3n\/Zona Roja. Oaxaca de Ju\u00e1rez, Oax., 11 de febrero de 2022.-&nbsp;La diputada y presidenta de&hellip;<\/p>\n","protected":false},"author":2,"featured_media":37471,"comment_status":"closed","ping_status":"open","sticky":false,"template":"","format":"standard","meta":{"_lmt_disableupdate":"","_lmt_disable":"","_jetpack_memberships_contains_paid_content":false,"footnotes":""},"categories":[109,46],"tags":[],"class_list":["post-37472","post","type-post","status-publish","format-standard","has-post-thumbnail","hentry","category-minuto-a-minuto","category-zona-blanca"],"jetpack_featured_media_url":"https:\/\/zonaroja.com.mx\/wp-content\/uploads\/2022\/02\/a2f74e8b-4731-4b19-9b0a-2ea64752c074.jpg","jetpack_sharing_enabled":true,"_links":{"self":[{"href":"https:\/\/zonaroja.com.mx\/index.php?rest_route=\/wp\/v2\/posts\/37472","targetHints":{"allow":["GET"]}}],"collection":[{"href":"https:\/\/zonaroja.com.mx\/index.php?rest_route=\/wp\/v2\/posts"}],"about":[{"href":"https:\/\/zonaroja.com.mx\/index.php?rest_route=\/wp\/v2\/types\/post"}],"author":[{"embeddable":true,"href":"https:\/\/zonaroja.com.mx\/index.php?rest_route=\/wp\/v2\/users\/2"}],"replies":[{"embeddable":true,"href":"https:\/\/zonaroja.com.mx\/index.php?rest_route=%2Fwp%2Fv2%2Fcomments&post=37472"}],"version-history":[{"count":1,"href":"https:\/\/zonaroja.com.mx\/index.php?rest_route=\/wp\/v2\/posts\/37472\/revisions"}],"predecessor-version":[{"id":37473,"href":"https:\/\/zonaroja.com.mx\/index.php?rest_route=\/wp\/v2\/posts\/37472\/revisions\/37473"}],"wp:featuredmedia":[{"embeddable":true,"href":"https:\/\/zonaroja.com.mx\/index.php?rest_route=\/wp\/v2\/media\/37471"}],"wp:attachment":[{"href":"https:\/\/zonaroja.com.mx\/index.php?rest_route=%2Fwp%2Fv2%2Fmedia&parent=37472"}],"wp:term":[{"taxonomy":"category","embeddable":true,"href":"https:\/\/zonaroja.com.mx\/index.php?rest_route=%2Fwp%2Fv2%2Fcategories&post=37472"},{"taxonomy":"post_tag","embeddable":true,"href":"https:\/\/zonaroja.com.mx\/index.php?rest_route=%2Fwp%2Fv2%2Ftags&post=37472"}],"curies":[{"name":"wp","href":"https:\/\/api.w.org\/{rel}","templated":true}]}}