{"id":37474,"date":"2022-02-11T17:48:50","date_gmt":"2022-02-11T23:48:50","guid":{"rendered":"http:\/\/www.zonaroja.com.mx\/?p=37474"},"modified":"2022-02-11T17:48:52","modified_gmt":"2022-02-11T23:48:52","slug":"se-le-acumulan-las-protestas-al-edil-capitalino-martinez-neri","status":"publish","type":"post","link":"https:\/\/zonaroja.com.mx\/?p=37474","title":{"rendered":"Se le acumulan las protestas al edil capitalino Mart\u00ednez Neri"},"content":{"rendered":"\n<p>Yuridiana Sosa\/Zona Roja.<\/p>\n\n\n\n<p>Oaxaca de Ju\u00e1rez, Oax., 11 de febrero de 2022.- Las protestas contra el gobierno municipal que encabeza Francisco Mart\u00ednez Neri contin\u00faan a inicios de su administraci\u00f3n, contra quien este viernes se manifestaron en el palacio municipal el Sindicato \u201c12 de septiembre\u201d y colonos.<\/p>\n\n\n\n<p>Desde temprana hora, el recinto municipal se volvi\u00f3 sede de las protestas, la primera por parte de los sindicalizados que exigieron un di\u00e1logo directo con el presidente municipal, luego de no obtener respuestas desde hace un mes a su solicitud de peticiones.<\/p>\n\n\n\n<p>Pago de seguros de vida y finiquitos de 2018 a la fecha; destituci\u00f3n del tercer \u00e1rbitro de la Junta de Arbitraje municipal, as\u00ed como pagos directos a los integrantes del sindicato como son premios, D\u00eda del Empleado, entre otros, que tampoco han recibido, fueron parte de las principales demandas de m\u00e1s de 270 agremiados.<\/p>\n\n\n\n<p>Los trabajadores fueron recibidos en el patio principal del palacio por funcionarios del ayuntamiento, ante la ausencia del edil, sin embargo, los demandantes rechazaron ese encuentro como un asunto formal, pues consideraron que no obtienen soluciones directas.<\/p>\n\n\n\n<p>DENUNCIAN DESPOJO<\/p>\n\n\n\n<p>Afuera del palacio municipal, denominado \u201ccasa del pueblo\u201d, habitantes de la colonia Heladio Ram\u00edrez L\u00f3pez se manifestaron para denunciar despojo de un predio por parte del gobierno municipal, el cual aseguran es propiedad privada.<\/p>\n\n\n\n<p>\u201c\u00bfD\u00f3nde qued\u00f3 el hombre de buena fe?\u201d, \u201cNeri solo se rodea de gente inepta y corrupta\u201d, reclamaron los afectados, quienes se\u00f1alaron que la polic\u00eda municipal resguarda la zona, pero no atiende al tema de la inseguridad.<\/p>\n\n\n\n<p>Son cerca de 40 viviendas las que se encuentran en riesgo, apuntaron, por lo que demandaron atenci\u00f3n del presidente municipal para resolver este problema.<\/p>\n\n\n\n<p>Estas manifestaciones se suman a la serie de reclamos que el gobierno de Mart\u00ednez Neri ha sumado al inicio de su gobierno, entre las que destacan la de comerciantes en la v\u00eda p\u00fablica por la aplicaci\u00f3n de un reordenamiento de este sector.<\/p>\n\n\n\n<p>La molestia por las medidas municipales ya gener\u00f3 un primer \u201cplant\u00f3n\u201d frente al inmueble hist\u00f3rico, en Plaza de la Danza, por parte de una organizaci\u00f3n social denominada Frente Popular \u201c14 de Junio\u201d, que est\u00e1 por cumplir dos semanas, sin que sean atendidos los manifestantes.<\/p>\n","protected":false},"excerpt":{"rendered":"<p>Yuridiana Sosa\/Zona Roja. Oaxaca de Ju\u00e1rez, Oax., 11 de febrero de 2022.- Las protestas contra&hellip;<\/p>\n","protected":false},"author":2,"featured_media":37475,"comment_status":"closed","ping_status":"open","sticky":false,"template":"","format":"standard","meta":{"_lmt_disableupdate":"","_lmt_disable":"","_jetpack_memberships_contains_paid_content":false,"footnotes":""},"categories":[109,47],"tags":[148],"class_list":["post-37474","post","type-post","status-publish","format-standard","has-post-thumbnail","hentry","category-minuto-a-minuto","category-zona-gris","tag-oaxaca-de-juarez"],"jetpack_featured_media_url":"https:\/\/zonaroja.com.mx\/wp-content\/uploads\/2022\/02\/Protesta-ayuntamiento-Oaxaca-de-Juarez.jpg","jetpack_sharing_enabled":true,"_links":{"self":[{"href":"https:\/\/zonaroja.com.mx\/index.php?rest_route=\/wp\/v2\/posts\/37474","targetHints":{"allow":["GET"]}}],"collection":[{"href":"https:\/\/zonaroja.com.mx\/index.php?rest_route=\/wp\/v2\/posts"}],"about":[{"href":"https:\/\/zonaroja.com.mx\/index.php?rest_route=\/wp\/v2\/types\/post"}],"author":[{"embeddable":true,"href":"https:\/\/zonaroja.com.mx\/index.php?rest_route=\/wp\/v2\/users\/2"}],"replies":[{"embeddable":true,"href":"https:\/\/zonaroja.com.mx\/index.php?rest_route=%2Fwp%2Fv2%2Fcomments&post=37474"}],"version-history":[{"count":1,"href":"https:\/\/zonaroja.com.mx\/index.php?rest_route=\/wp\/v2\/posts\/37474\/revisions"}],"predecessor-version":[{"id":37476,"href":"https:\/\/zonaroja.com.mx\/index.php?rest_route=\/wp\/v2\/posts\/37474\/revisions\/37476"}],"wp:featuredmedia":[{"embeddable":true,"href":"https:\/\/zonaroja.com.mx\/index.php?rest_route=\/wp\/v2\/media\/37475"}],"wp:attachment":[{"href":"https:\/\/zonaroja.com.mx\/index.php?rest_route=%2Fwp%2Fv2%2Fmedia&parent=37474"}],"wp:term":[{"taxonomy":"category","embeddable":true,"href":"https:\/\/zonaroja.com.mx\/index.php?rest_route=%2Fwp%2Fv2%2Fcategories&post=37474"},{"taxonomy":"post_tag","embeddable":true,"href":"https:\/\/zonaroja.com.mx\/index.php?rest_route=%2Fwp%2Fv2%2Ftags&post=37474"}],"curies":[{"name":"wp","href":"https:\/\/api.w.org\/{rel}","templated":true}]}}