{"id":37477,"date":"2022-02-11T19:01:44","date_gmt":"2022-02-12T01:01:44","guid":{"rendered":"http:\/\/www.zonaroja.com.mx\/?p=37477"},"modified":"2022-02-11T19:01:46","modified_gmt":"2022-02-12T01:01:46","slug":"denuncian-mafia-en-centro-de-salud-de-zimatlan-oaxaca","status":"publish","type":"post","link":"https:\/\/zonaroja.com.mx\/?p=37477","title":{"rendered":"Denuncian \u201cmafia\u201d en centro de salud de Zimatl\u00e1n, Oaxaca"},"content":{"rendered":"\n<p>Redacci\u00f3n\/Zona Roja.<\/p>\n\n\n\n<p>Oaxaca de Ju\u00e1rez, Oax., 11 de febrero de 2022.- Habitantes de Zimatl\u00e1n de \u00c1lvarez y trabajadores denunciaron una \u201cmafia\u201d y red de corrupci\u00f3n en el centro de dicho municipio, ubicado en la regi\u00f3n Valles Centrales de Oaxaca.<\/p>\n\n\n\n<p>En un documento que hicieron p\u00fablico, se\u00f1alaron trienio tras trienio se ha pedido a las autoridades municipales que intervengan para que haya una adecuada atenci\u00f3n m\u00e9dica a la poblaci\u00f3n m\u00e1s necesitada, lo cual no ha sucedido.<\/p>\n\n\n\n<p>\u201cSe realizan peticiones en cada campa\u00f1a electoral de presidentes municipales y nos juran que atender\u00e1n la petici\u00f3n de la ciudadan\u00eda, pasan autoridades y nada; el di\u00e1logo existe pero no saben porque.<\/p>\n\n\n\n<p>\u201cHoy podemos decirle a la poblaci\u00f3n c\u00f3mo hay una \u2018mafia\u2019 que opera dentro del centro de salud, qui\u00e9nes son los responsables de que contin\u00faen los malos manejos en nuestro centro de salud, qui\u00e9nes operan dentro de \u00e9l, qui\u00e9nes deciden quien viene, quien se va, quienes laboran y quienes no, a trav\u00e9s de dadivas econ\u00f3micas, chantajes, manipulaciones\u201d, acusaron.<\/p>\n\n\n\n<p>Detallaron que esta \u201cmafia\u201d la encabeza el doctor Disrael\u00ed Cruz L\u00f3pez; el delegado sindical Geova S\u00e1nchez Cruz; la enfermera Soledad Jarqu\u00edn y Luis Cruz P\u00e9rez, personal con funciones administrativas.<\/p>\n\n\n\n<p>Est\u00e1s cuatro personas, acusaron, son quienes cobran cuotas y deciden qui\u00e9n se va o se queda en el centro de salud en caso de que el personal no se alinee con ellos.<\/p>\n\n\n\n<p>De acuerdo con la denuncia de los trabajadores y pobladores, que reservaron sus nombres por temor a represalias, est\u00e1s personas los amenazan con quitarles sus derechos sindicales.<\/p>\n\n\n\n<p>Por eso, solicitaron la inmediata intervenci\u00f3n del gobernador Alejandro Murat y del secretario de Salud, Juan Carlos M\u00e1rquez Heine, para que revise la situaci\u00f3n en este centro de salud.<\/p>\n\n\n\n<p>Recordaron que en su reciente comparecencia, M\u00e1rquez Heine sostuvo que hay un proceso para mejorar los servicios de salud e incluye que todos los trabajadores que no est\u00e1n cumpliendo sus funciones, est\u00e1n fuera de horarios laborales y centros de trabajo donde no est\u00e1n adscritos ser\u00e1n regresados, situaci\u00f3n en la que se encuentra Disraeli Cruz L\u00f3pez, quien opera en el turno nocturno y niega el servicio a la ciudadan\u00eda.<\/p>\n\n\n\n<p>\u201cPara mantenerse en su horario paga al delegado sindical de Zimatl\u00e1n y autoridades jurisdiccionales, por eso mantiene el control\u201d, se\u00f1alaron.<\/p>\n","protected":false},"excerpt":{"rendered":"<p>Redacci\u00f3n\/Zona Roja. Oaxaca de Ju\u00e1rez, Oax., 11 de febrero de 2022.- Habitantes de Zimatl\u00e1n de&hellip;<\/p>\n","protected":false},"author":2,"featured_media":37478,"comment_status":"closed","ping_status":"open","sticky":false,"template":"","format":"standard","meta":{"_lmt_disableupdate":"","_lmt_disable":"","_jetpack_memberships_contains_paid_content":false,"footnotes":""},"categories":[109,47],"tags":[802],"class_list":["post-37477","post","type-post","status-publish","format-standard","has-post-thumbnail","hentry","category-minuto-a-minuto","category-zona-gris","tag-zimatlan-de-alvarez"],"jetpack_featured_media_url":"https:\/\/zonaroja.com.mx\/wp-content\/uploads\/2022\/02\/Denuncia-Salud-Zimatlan.jpg","jetpack_sharing_enabled":true,"_links":{"self":[{"href":"https:\/\/zonaroja.com.mx\/index.php?rest_route=\/wp\/v2\/posts\/37477","targetHints":{"allow":["GET"]}}],"collection":[{"href":"https:\/\/zonaroja.com.mx\/index.php?rest_route=\/wp\/v2\/posts"}],"about":[{"href":"https:\/\/zonaroja.com.mx\/index.php?rest_route=\/wp\/v2\/types\/post"}],"author":[{"embeddable":true,"href":"https:\/\/zonaroja.com.mx\/index.php?rest_route=\/wp\/v2\/users\/2"}],"replies":[{"embeddable":true,"href":"https:\/\/zonaroja.com.mx\/index.php?rest_route=%2Fwp%2Fv2%2Fcomments&post=37477"}],"version-history":[{"count":1,"href":"https:\/\/zonaroja.com.mx\/index.php?rest_route=\/wp\/v2\/posts\/37477\/revisions"}],"predecessor-version":[{"id":37479,"href":"https:\/\/zonaroja.com.mx\/index.php?rest_route=\/wp\/v2\/posts\/37477\/revisions\/37479"}],"wp:featuredmedia":[{"embeddable":true,"href":"https:\/\/zonaroja.com.mx\/index.php?rest_route=\/wp\/v2\/media\/37478"}],"wp:attachment":[{"href":"https:\/\/zonaroja.com.mx\/index.php?rest_route=%2Fwp%2Fv2%2Fmedia&parent=37477"}],"wp:term":[{"taxonomy":"category","embeddable":true,"href":"https:\/\/zonaroja.com.mx\/index.php?rest_route=%2Fwp%2Fv2%2Fcategories&post=37477"},{"taxonomy":"post_tag","embeddable":true,"href":"https:\/\/zonaroja.com.mx\/index.php?rest_route=%2Fwp%2Fv2%2Ftags&post=37477"}],"curies":[{"name":"wp","href":"https:\/\/api.w.org\/{rel}","templated":true}]}}