{"id":37482,"date":"2022-02-11T20:39:02","date_gmt":"2022-02-12T02:39:02","guid":{"rendered":"http:\/\/www.zonaroja.com.mx\/?p=37482"},"modified":"2022-02-11T20:39:04","modified_gmt":"2022-02-12T02:39:04","slug":"dos-detenidos-tras-incendio-de-pastizales-en-santa-lucia-del-camino","status":"publish","type":"post","link":"https:\/\/zonaroja.com.mx\/?p=37482","title":{"rendered":"Dos detenidos tras incendio de pastizales en Santa Luc\u00eda del Camino"},"content":{"rendered":"\n<p>Redacci\u00f3n\/Zona Roja.<\/p>\n\n\n\n<p>Oaxaca de Ju\u00e1rez, Oax., 11 de febrero de 2022.- El ayuntamiento de Santa Luc\u00eda del Camino inform\u00f3 que este viernes 11 de febrero de 2022, a las 14:00 horas, se report\u00f3 un incendio de pastizales en inmediaciones de la Unidad B\u00e1sica de Rehabilitaci\u00f3n (UBR).<\/p>\n\n\n\n<p>Por tal motivo, personal de Protecci\u00f3n Civil del municipio, en coordinaci\u00f3n con el Heroico Cuerpo de Bomberos del Estado de Oaxaca, Protecci\u00f3n Civil Estatal, Polic\u00eda Municipal y Polic\u00eda Vial Municipal, colaboraron para controlar el fuego.<\/p>\n\n\n\n<p>Luego de sofocar el incendio, se procedi\u00f3 a la detenci\u00f3n de dos personas se\u00f1aladas como presuntas responsables del siniestro, toda vez que fueron descubiertos quemando basura a pocos metros del incidente.<\/p>\n\n\n\n<p>El ayuntamiento de Santa Luc\u00eda del Camino detall\u00f3 que seguir\u00e1 informando sobre esta situaci\u00f3n, adem\u00e1s de exhortar a la ciudadan\u00eda actuar con responsabilidad civil para velar por la seguridad de todos los vecinos.<\/p>\n","protected":false},"excerpt":{"rendered":"<p>Redacci\u00f3n\/Zona Roja. Oaxaca de Ju\u00e1rez, Oax., 11 de febrero de 2022.- El ayuntamiento de Santa&hellip;<\/p>\n","protected":false},"author":2,"featured_media":37483,"comment_status":"closed","ping_status":"open","sticky":false,"template":"","format":"standard","meta":{"_lmt_disableupdate":"","_lmt_disable":"","_jetpack_memberships_contains_paid_content":false,"footnotes":""},"categories":[109,46],"tags":[337],"class_list":["post-37482","post","type-post","status-publish","format-standard","has-post-thumbnail","hentry","category-minuto-a-minuto","category-zona-blanca","tag-santa-lucia-del-camino"],"jetpack_featured_media_url":"https:\/\/zonaroja.com.mx\/wp-content\/uploads\/2022\/02\/Incendio-encierro-Santa-Lucia.jpg","jetpack_sharing_enabled":true,"_links":{"self":[{"href":"https:\/\/zonaroja.com.mx\/index.php?rest_route=\/wp\/v2\/posts\/37482","targetHints":{"allow":["GET"]}}],"collection":[{"href":"https:\/\/zonaroja.com.mx\/index.php?rest_route=\/wp\/v2\/posts"}],"about":[{"href":"https:\/\/zonaroja.com.mx\/index.php?rest_route=\/wp\/v2\/types\/post"}],"author":[{"embeddable":true,"href":"https:\/\/zonaroja.com.mx\/index.php?rest_route=\/wp\/v2\/users\/2"}],"replies":[{"embeddable":true,"href":"https:\/\/zonaroja.com.mx\/index.php?rest_route=%2Fwp%2Fv2%2Fcomments&post=37482"}],"version-history":[{"count":1,"href":"https:\/\/zonaroja.com.mx\/index.php?rest_route=\/wp\/v2\/posts\/37482\/revisions"}],"predecessor-version":[{"id":37484,"href":"https:\/\/zonaroja.com.mx\/index.php?rest_route=\/wp\/v2\/posts\/37482\/revisions\/37484"}],"wp:featuredmedia":[{"embeddable":true,"href":"https:\/\/zonaroja.com.mx\/index.php?rest_route=\/wp\/v2\/media\/37483"}],"wp:attachment":[{"href":"https:\/\/zonaroja.com.mx\/index.php?rest_route=%2Fwp%2Fv2%2Fmedia&parent=37482"}],"wp:term":[{"taxonomy":"category","embeddable":true,"href":"https:\/\/zonaroja.com.mx\/index.php?rest_route=%2Fwp%2Fv2%2Fcategories&post=37482"},{"taxonomy":"post_tag","embeddable":true,"href":"https:\/\/zonaroja.com.mx\/index.php?rest_route=%2Fwp%2Fv2%2Ftags&post=37482"}],"curies":[{"name":"wp","href":"https:\/\/api.w.org\/{rel}","templated":true}]}}