{"id":37485,"date":"2022-02-11T21:45:45","date_gmt":"2022-02-12T03:45:45","guid":{"rendered":"http:\/\/www.zonaroja.com.mx\/?p=37485"},"modified":"2022-02-11T21:45:48","modified_gmt":"2022-02-12T03:45:48","slug":"ya-basta-claman-periodistas-en-oaxaca-ante-agresiones-y-asesinatos","status":"publish","type":"post","link":"https:\/\/zonaroja.com.mx\/?p=37485","title":{"rendered":"\u00a1Ya basta!, claman periodistas en Oaxaca ante agresiones y asesinatos"},"content":{"rendered":"\n<p>Yuridiana Sosa\/Zona Roja.<\/p>\n\n\n\n<p>Oaxaca de Ju\u00e1rez, Oax., 11 de febrero de 2022.- El asesinato del reportero Heber L\u00f3pez V\u00e1squez, en Salina Cruz, el sexto que va en el transcurso de este a\u00f1o en M\u00e9xico, volvi\u00f3 a ser motivo para que el gremio period\u00edstico alzara la voz.<\/p>\n\n\n\n<p>Frente al templo de Santo Domingo de Guzm\u00e1n en la capital oaxaque\u00f1a, medios de comunicaci\u00f3n convocados por la Asociaci\u00f3n de Periodistas de Oaxaca (APO) se manifestaron contra los actos de violencia contra la prensa, por lo que exigieron al gobierno de M\u00e9xico y Estatal a actuar en consecuencia para la aplicaci\u00f3n de una justicia digna.<\/p>\n\n\n\n<p>\u201cYa basta, ya es tiempo de que los tres niveles de gobierno, principalmente desde el gobierno federal que encabeza Andr\u00e9s Manuel L\u00f3pez Obrador, impongan el principio de autoridad y ordenen a los cuerpos de seguridad, procuraci\u00f3n y administraci\u00f3n de la justicia, a que act\u00faen en consecuencia para parar la masacre en contra de las y los periodistas en el pa\u00eds\u201d, se pronunci\u00f3 la asociaci\u00f3n.<\/p>\n\n\n\n<p>Heber L\u00f3pez V\u00e1squez, director del portal digital \u201cNoticias Web\u201d en el puerto de Salina Cruz, en la regi\u00f3n del Istmo de Tehuantepec, fue ejecutado anoche en su estudio de trabajo y aunque hay dos personas detenidas como presuntos responsables, la justicia a\u00fan no es total.<\/p>\n\n\n\n<p>\u201cQue quede claro, la libertad de expresi\u00f3n nunca se va a pedir de rodillas. La libertad de expresi\u00f3n, el respeto y la integridad es algo que estamos exigiendo con la Constituci\u00f3n en la mano\u201d, expresaron los reporteros durante su protesta, en un manifiesto le\u00eddo por uno de los dirigentes de la APO, Alejandro L\u00f3pez Castellanos.<\/p>\n\n\n\n<figure class=\"wp-block-image size-large\"><a href=\"http:\/\/www.zonaroja.com.mx\/wp-content\/uploads\/2022\/02\/Protesta-periodistas-Oaxaca-1.jpg\" data-rel=\"penci-gallery-image-content\" ><img decoding=\"async\" width=\"1024\" height=\"768\" src=\"http:\/\/www.zonaroja.com.mx\/wp-content\/uploads\/2022\/02\/Protesta-periodistas-Oaxaca-1-1024x768.jpg\" alt=\"\" class=\"wp-image-37487\" srcset=\"https:\/\/zonaroja.com.mx\/wp-content\/uploads\/2022\/02\/Protesta-periodistas-Oaxaca-1-1024x768.jpg 1024w, https:\/\/zonaroja.com.mx\/wp-content\/uploads\/2022\/02\/Protesta-periodistas-Oaxaca-1-300x225.jpg 300w, https:\/\/zonaroja.com.mx\/wp-content\/uploads\/2022\/02\/Protesta-periodistas-Oaxaca-1-768x576.jpg 768w, https:\/\/zonaroja.com.mx\/wp-content\/uploads\/2022\/02\/Protesta-periodistas-Oaxaca-1-1170x878.jpg 1170w, https:\/\/zonaroja.com.mx\/wp-content\/uploads\/2022\/02\/Protesta-periodistas-Oaxaca-1-585x439.jpg 585w, https:\/\/zonaroja.com.mx\/wp-content\/uploads\/2022\/02\/Protesta-periodistas-Oaxaca-1.jpg 1280w\" sizes=\"(max-width: 1024px) 100vw, 1024px\" \/><\/a><\/figure>\n\n\n\n<p>DESDE EL EXTRANJERO<\/p>\n\n\n\n<p>La muerte de Heber L\u00f3pez V\u00e1squez no pas\u00f3 por alto a los ojos del mundo, pues la Embajada de Reino Unido en M\u00e9xico tambi\u00e9n exigi\u00f3 justicia en este caso.<\/p>\n\n\n\n<p>\u201cLamentamos profundamente el asesinato de Heber L\u00f3pez, periodista oaxaque\u00f1o y director del medio digital \u2018Noticias Web\u2019, escribi\u00f3 en su cuenta de Twitter esta Embajada.<\/p>\n\n\n\n<p>La autoridad extranjera agreg\u00f3: \u201cPedimos a las autoridades dar seguimiento a las investigaciones y llevar a la justicia a las personas responsables. #DefendMediaFreedom\u201d (Defender la libertad de los medios).<\/p>\n\n\n\n<p>As\u00ed tambi\u00e9n, el canal de televisi\u00f3n DW Espa\u00f1ol, de origen alem\u00e1n y dirigido al p\u00fablico latinoamericano, conden\u00f3 el crimen desde las redes sociales. \u201cHeber L\u00f3pez V\u00e1squez: quinto periodista asesinado en M\u00e9xico en 2022. Menos del 10% de las agresiones a reporteros son penalizadas\u201d.<\/p>\n\n\n\n<p>Su colaborador desde M\u00e9xico, Aitor S\u00e1ez, expres\u00f3: \u201cLos periodistas mexicanos est\u00e1n m\u00e1s unidos que nunca para defender su derecho a informar sin que los maten\u00bb.<\/p>\n\n\n\n<p>La asociaci\u00f3n internacional Art\u00edculo 19 indic\u00f3 que con este asesinato, \u201cse consolida el periodo m\u00e1s letal para la prensa en M\u00e9xico\u201d, y reiter\u00f3 a las autoridades estatales y federales sus obligaciones de prevenir agresiones, proteger las v\u00edctimas e investigar los asesinatos de periodistas.<\/p>\n\n\n\n<p>A trav\u00e9s de su cuenta de Twitter, el gobernador de Oaxaca, Alejandro Murat Hinojosa, tambi\u00e9n conden\u00f3 el hecho.<\/p>\n","protected":false},"excerpt":{"rendered":"<p>Yuridiana Sosa\/Zona Roja. Oaxaca de Ju\u00e1rez, Oax., 11 de febrero de 2022.- El asesinato del&hellip;<\/p>\n","protected":false},"author":2,"featured_media":37486,"comment_status":"closed","ping_status":"open","sticky":false,"template":"","format":"standard","meta":{"_lmt_disableupdate":"","_lmt_disable":"","_jetpack_memberships_contains_paid_content":false,"footnotes":""},"categories":[109,47],"tags":[1041],"class_list":["post-37485","post","type-post","status-publish","format-standard","has-post-thumbnail","hentry","category-minuto-a-minuto","category-zona-gris","tag-asociacion-de-periodistas-de-oaxaca-apo"],"jetpack_featured_media_url":"https:\/\/zonaroja.com.mx\/wp-content\/uploads\/2022\/02\/Protesta-periodistas-Oaxaca.jpg","jetpack_sharing_enabled":true,"_links":{"self":[{"href":"https:\/\/zonaroja.com.mx\/index.php?rest_route=\/wp\/v2\/posts\/37485","targetHints":{"allow":["GET"]}}],"collection":[{"href":"https:\/\/zonaroja.com.mx\/index.php?rest_route=\/wp\/v2\/posts"}],"about":[{"href":"https:\/\/zonaroja.com.mx\/index.php?rest_route=\/wp\/v2\/types\/post"}],"author":[{"embeddable":true,"href":"https:\/\/zonaroja.com.mx\/index.php?rest_route=\/wp\/v2\/users\/2"}],"replies":[{"embeddable":true,"href":"https:\/\/zonaroja.com.mx\/index.php?rest_route=%2Fwp%2Fv2%2Fcomments&post=37485"}],"version-history":[{"count":1,"href":"https:\/\/zonaroja.com.mx\/index.php?rest_route=\/wp\/v2\/posts\/37485\/revisions"}],"predecessor-version":[{"id":37488,"href":"https:\/\/zonaroja.com.mx\/index.php?rest_route=\/wp\/v2\/posts\/37485\/revisions\/37488"}],"wp:featuredmedia":[{"embeddable":true,"href":"https:\/\/zonaroja.com.mx\/index.php?rest_route=\/wp\/v2\/media\/37486"}],"wp:attachment":[{"href":"https:\/\/zonaroja.com.mx\/index.php?rest_route=%2Fwp%2Fv2%2Fmedia&parent=37485"}],"wp:term":[{"taxonomy":"category","embeddable":true,"href":"https:\/\/zonaroja.com.mx\/index.php?rest_route=%2Fwp%2Fv2%2Fcategories&post=37485"},{"taxonomy":"post_tag","embeddable":true,"href":"https:\/\/zonaroja.com.mx\/index.php?rest_route=%2Fwp%2Fv2%2Ftags&post=37485"}],"curies":[{"name":"wp","href":"https:\/\/api.w.org\/{rel}","templated":true}]}}