{"id":37492,"date":"2022-02-11T22:25:21","date_gmt":"2022-02-12T04:25:21","guid":{"rendered":"http:\/\/www.zonaroja.com.mx\/?p=37492"},"modified":"2022-02-11T22:25:23","modified_gmt":"2022-02-12T04:25:23","slug":"hospitalizan-a-14-personas-por-covid-en-oaxaca-hoy-11-decesos","status":"publish","type":"post","link":"https:\/\/zonaroja.com.mx\/?p=37492","title":{"rendered":"Hospitalizan a 14 personas por Covid en Oaxaca; hoy 11 decesos"},"content":{"rendered":"\n<p>Redacci\u00f3n\/Zona Roja.<\/p>\n\n\n\n<p>Oaxaca de Ju\u00e1rez, Oax. 11 de febrero de 2022.- Los Servicios de Salud de Oaxaca (SSO) reportaron este 11 de febrero un acumulado de 108 mil 801 casos confirmados de Covid-19, de los cuales tres mil 925 est\u00e1n activos, el 57.8% corresponden a residentes de Valles Centrales.<\/p>\n\n\n\n<p>En el informe de este viernes, se notificaron 11 nuevos decesos, con lo cual, la entidad alcanz\u00f3 la cifra de cinco mil 855 defunciones a causa de la pandemia, del total, tres mil 738 eran personas del sexo masculino y dos mil 117 del femenino.<\/p>\n\n\n\n<p>Respecto al global de contagios, la dependencia se\u00f1al\u00f3, que al corte de esta jornada, hay 922 casos nuevos en 107 municipios, principalmente en Oaxaca de Ju\u00e1rez con 351 positivos, San Juan Bautista Tuxtepec con 51, Santa Cruz Xoxocotl\u00e1n con 50, Santa Luc\u00eda del Camino con 34, y Loma Bonita con 31, por mencionar algunos.<\/p>\n\n\n\n<p>Desde el inicio de la emergencia sanitaria, 193 mil 731 personas han presentado s\u00edntomas relacionados a la enfermedad, de esta cifra, 78 mil 564 son negativos, 6 mil 366 se encuentran como sospechosos y hay un total de 99 mil 021 recuperados.<\/p>\n\n\n\n<p>Precis\u00f3 que de las tres mil 925 personas que presentan la patolog\u00eda en etapa activa, dos mil 270 son residentes de Valles Centrales, 695 del Istmo, 463 Tuxtepec, 208 de la Mixteca, 181 de la Costa y 108 de la Sierra; identificados en 200 municipios de la entidad.<\/p>\n\n\n\n<p>En cuanto a la distribuci\u00f3n geogr\u00e1fica de contagios acumulados, 65 mil 450 corresponden a la Jurisdicci\u00f3n Sanitaria de Valles Centrales, de los cuales dos mil 592 son defunciones; el Istmo acumul\u00f3 15 mil 491 casos y mil 249 defunciones; Tuxtepec ocho mil 399 casos y 593 defunciones; Costa siete mil 612 casos y 492 defunciones; Mixteca ocho mil 288 y 595 defunciones; por \u00faltimo, Sierra con tres mil 561 casos y 334 defunciones.<\/p>\n\n\n\n<p>La dependencia recalc\u00f3 que los hospitales que atienden pacientes con Covid-19 en la entidad oaxaque\u00f1a, reportaron una ocupaci\u00f3n de manera general del 41.6%, 14 personas fueron ingresadas a la red m\u00e9dica en las \u00faltimas 24 horas, por lo que hay un total de 176 pacientes hospitalizados y 10 hospitales se encuentran al 100% de su capacidad.<\/p>\n\n\n\n<p>Asimismo, reiter\u00f3 que a\u00fan con la intensa Jornada de Vacunaci\u00f3n que se realiza en el territorio, la poblaci\u00f3n no debe relajar las medidas de prevenci\u00f3n, por lo que exhort\u00f3 a reforzar el uso del cubrebocas de manera adecuada, el lavado de manos y evitar acudir a lugares concurridos, a fin de bajar la incidencia de contagios y defunciones.<\/p>\n","protected":false},"excerpt":{"rendered":"<p>Redacci\u00f3n\/Zona Roja. Oaxaca de Ju\u00e1rez, Oax. 11 de febrero de 2022.- Los Servicios de Salud&hellip;<\/p>\n","protected":false},"author":2,"featured_media":37493,"comment_status":"closed","ping_status":"open","sticky":false,"template":"","format":"standard","meta":{"_lmt_disableupdate":"","_lmt_disable":"","_jetpack_memberships_contains_paid_content":false,"footnotes":""},"categories":[109,47],"tags":[1512],"class_list":["post-37492","post","type-post","status-publish","format-standard","has-post-thumbnail","hentry","category-minuto-a-minuto","category-zona-gris","tag-coronavirus-oaxaca"],"jetpack_featured_media_url":"https:\/\/zonaroja.com.mx\/wp-content\/uploads\/2022\/02\/11-de-febrero-de-2022.-Comunicado-Tecnico-COVID-19.jpeg","jetpack_sharing_enabled":true,"_links":{"self":[{"href":"https:\/\/zonaroja.com.mx\/index.php?rest_route=\/wp\/v2\/posts\/37492","targetHints":{"allow":["GET"]}}],"collection":[{"href":"https:\/\/zonaroja.com.mx\/index.php?rest_route=\/wp\/v2\/posts"}],"about":[{"href":"https:\/\/zonaroja.com.mx\/index.php?rest_route=\/wp\/v2\/types\/post"}],"author":[{"embeddable":true,"href":"https:\/\/zonaroja.com.mx\/index.php?rest_route=\/wp\/v2\/users\/2"}],"replies":[{"embeddable":true,"href":"https:\/\/zonaroja.com.mx\/index.php?rest_route=%2Fwp%2Fv2%2Fcomments&post=37492"}],"version-history":[{"count":1,"href":"https:\/\/zonaroja.com.mx\/index.php?rest_route=\/wp\/v2\/posts\/37492\/revisions"}],"predecessor-version":[{"id":37494,"href":"https:\/\/zonaroja.com.mx\/index.php?rest_route=\/wp\/v2\/posts\/37492\/revisions\/37494"}],"wp:featuredmedia":[{"embeddable":true,"href":"https:\/\/zonaroja.com.mx\/index.php?rest_route=\/wp\/v2\/media\/37493"}],"wp:attachment":[{"href":"https:\/\/zonaroja.com.mx\/index.php?rest_route=%2Fwp%2Fv2%2Fmedia&parent=37492"}],"wp:term":[{"taxonomy":"category","embeddable":true,"href":"https:\/\/zonaroja.com.mx\/index.php?rest_route=%2Fwp%2Fv2%2Fcategories&post=37492"},{"taxonomy":"post_tag","embeddable":true,"href":"https:\/\/zonaroja.com.mx\/index.php?rest_route=%2Fwp%2Fv2%2Ftags&post=37492"}],"curies":[{"name":"wp","href":"https:\/\/api.w.org\/{rel}","templated":true}]}}