{"id":37498,"date":"2022-02-12T07:53:41","date_gmt":"2022-02-12T13:53:41","guid":{"rendered":"http:\/\/www.zonaroja.com.mx\/?p=37498"},"modified":"2022-02-12T07:53:44","modified_gmt":"2022-02-12T13:53:44","slug":"nueva-alianza-oaxaca-exige-garantias-para-el-gremio-periodistico-oaxaqueno","status":"publish","type":"post","link":"https:\/\/zonaroja.com.mx\/?p=37498","title":{"rendered":"Nueva Alianza Oaxaca exige garant\u00edas para el gremio period\u00edstico oaxaque\u00f1o"},"content":{"rendered":"\n<p>Redacci\u00f3n\/Zona Roja.<\/p>\n\n\n\n<p>Oaxaca de Ju\u00e1rez, Oax., 12 de febrero de 2022.- Tras conocerse del crimen cometido contra el periodista Heber L\u00f3pez V\u00e1squez, ocurrido la tarde del jueves en Salina Cruz, Oaxaca, Bersha\u00edn L\u00f3pez L\u00f3pez, coordinador de vinculaci\u00f3n con los sectores del Partido Nueva Alianza Oaxaca, exigi\u00f3 a las autoridades de los tres niveles de gobierno que se ocupen en garantizar la seguridad de las y los trabajadores de los medios de comunicaci\u00f3n y agilicen la pronta investigaci\u00f3n y castigo a los responsables del artero crimen.<\/p>\n\n\n\n<p>Se\u00f1al\u00f3 que los asesinatos contra comunicadores prenden una alerta que obliga a la coincidencia del resto de la sociedad, autoridades y grupos pol\u00edticos, no solo para solidarizarse con el gremio, al que se condena a callar porque el trabajo de los profesionales de la comunicaci\u00f3n y el periodismo molesta a quienes rechazan la cr\u00edtica y son evidenciados ante la poblaci\u00f3n por sus equivocas pr\u00e1cticas; sino que los acontecimientos obligan, dijo, a generar coincidencias que coadyuven a la protecci\u00f3n de las y los periodistas y comunicadores.<\/p>\n\n\n\n<p>\u201cSe nos olvida que son hombres y mujeres que como el resto, trabajan para llevar el sustento a sus familias, se nos olvida que la mayor\u00eda no cuentan con ninguna prestaci\u00f3n porque en muchos casos trabajan por su propia cuenta, ya que son pocas empresas las que les garantizan condiciones \u00f3ptimas de empleo; se nos olvida que son padres y madres, con grandes responsabilidades sobre sus hombros; que la prensa, a diferencia de muchos, no tiene tregua porque la noticia no espera y hoy, lejos de tener la consideraci\u00f3n de quienes gustan de utilizarlos para enaltecer sus figuras, no solo los desamparan cuando no les necesitan, sino incluso, siembran enconos con se\u00f1alamientos de odio cuando su trabajo no conviene a sus intereses\u201d, expres\u00f3.<\/p>\n\n\n\n<p>La prensa, agreg\u00f3, merece el apoyo para mejorar sus condiciones laborales, para garantizarles sus derechos y protecci\u00f3n, para profesionalizarse, pero sobre todo, merece el respeto a su desempe\u00f1o profesional.<\/p>\n\n\n\n<p>Por lo anterior, Bersah\u00edn L\u00f3pez, reiter\u00f3 la solidaridad de quienes forman Nueva Alianza Oaxaca con ese gremio y el llamado a las autoridades para frenar el acoso, agresiones y cr\u00edmenes contra ese sector, al tiempo en que mostr\u00f3 su solidaridad por la irreparable p\u00e9rdida de uno m\u00e1s de sus integrantes.<\/p>\n","protected":false},"excerpt":{"rendered":"<p>Redacci\u00f3n\/Zona Roja. Oaxaca de Ju\u00e1rez, Oax., 12 de febrero de 2022.- Tras conocerse del crimen&hellip;<\/p>\n","protected":false},"author":2,"featured_media":37499,"comment_status":"closed","ping_status":"open","sticky":false,"template":"","format":"standard","meta":{"_lmt_disableupdate":"","_lmt_disable":"","_jetpack_memberships_contains_paid_content":false,"footnotes":""},"categories":[109,46],"tags":[3003],"class_list":["post-37498","post","type-post","status-publish","format-standard","has-post-thumbnail","hentry","category-minuto-a-minuto","category-zona-blanca","tag-bersahin-lopez-lopez"],"jetpack_featured_media_url":"https:\/\/zonaroja.com.mx\/wp-content\/uploads\/2022\/02\/Nueva-Alianza-Bersahin-Lopez.jpg","jetpack_sharing_enabled":true,"_links":{"self":[{"href":"https:\/\/zonaroja.com.mx\/index.php?rest_route=\/wp\/v2\/posts\/37498","targetHints":{"allow":["GET"]}}],"collection":[{"href":"https:\/\/zonaroja.com.mx\/index.php?rest_route=\/wp\/v2\/posts"}],"about":[{"href":"https:\/\/zonaroja.com.mx\/index.php?rest_route=\/wp\/v2\/types\/post"}],"author":[{"embeddable":true,"href":"https:\/\/zonaroja.com.mx\/index.php?rest_route=\/wp\/v2\/users\/2"}],"replies":[{"embeddable":true,"href":"https:\/\/zonaroja.com.mx\/index.php?rest_route=%2Fwp%2Fv2%2Fcomments&post=37498"}],"version-history":[{"count":1,"href":"https:\/\/zonaroja.com.mx\/index.php?rest_route=\/wp\/v2\/posts\/37498\/revisions"}],"predecessor-version":[{"id":37500,"href":"https:\/\/zonaroja.com.mx\/index.php?rest_route=\/wp\/v2\/posts\/37498\/revisions\/37500"}],"wp:featuredmedia":[{"embeddable":true,"href":"https:\/\/zonaroja.com.mx\/index.php?rest_route=\/wp\/v2\/media\/37499"}],"wp:attachment":[{"href":"https:\/\/zonaroja.com.mx\/index.php?rest_route=%2Fwp%2Fv2%2Fmedia&parent=37498"}],"wp:term":[{"taxonomy":"category","embeddable":true,"href":"https:\/\/zonaroja.com.mx\/index.php?rest_route=%2Fwp%2Fv2%2Fcategories&post=37498"},{"taxonomy":"post_tag","embeddable":true,"href":"https:\/\/zonaroja.com.mx\/index.php?rest_route=%2Fwp%2Fv2%2Ftags&post=37498"}],"curies":[{"name":"wp","href":"https:\/\/api.w.org\/{rel}","templated":true}]}}