{"id":37504,"date":"2022-02-12T08:25:04","date_gmt":"2022-02-12T14:25:04","guid":{"rendered":"http:\/\/www.zonaroja.com.mx\/?p=37504"},"modified":"2022-02-12T08:25:06","modified_gmt":"2022-02-12T14:25:06","slug":"exige-poder-legislativo-alto-a-la-violencia-contra-los-periodistas-en-oaxaca","status":"publish","type":"post","link":"https:\/\/zonaroja.com.mx\/?p=37504","title":{"rendered":"Exige Poder Legislativo alto a la violencia contra los periodistas en Oaxaca"},"content":{"rendered":"\n<p>Redacci\u00f3n\/Zona Roja.<\/p>\n\n\n\n<p>Oaxaca de Ju\u00e1rez, Oax., 11 de febrero de 2022.- La presidenta de la Junta de Coordinaci\u00f3n Pol\u00edtica (Jucopo) del Congreso local, Laura Estrada Mauro, se pronunci\u00f3 por detener la ola de violencia en contra de los periodistas en la entidad y se sum\u00f3 a las condolencias de la familia de H\u00e9ber L\u00f3pez V\u00e1squez.<\/p>\n\n\n\n<p>El pasado 10 de febrero fue asesinado el reportero L\u00f3pez V\u00e1squez, director del medio digital \u201cNoticias Web\u201d, en la ciudad de Salina Cruz, en el Istmo de Tehuantepec en Oaxaca.<\/p>\n\n\n\n<p>Ante este escenario la diputada Laura Estrada Mauro, asegur\u00f3 que, respetuosos de la libertad de expresi\u00f3n, el Congreso condena el homicidio del comunicador y reprueba la situaci\u00f3n de inseguridad que atraviesa el gremio period\u00edstico \u00abexigimos al gobierno estatal y federal se vele por la seguridad de las y los periodistas y de las y los ciudadanos de Oaxaca, es doloroso saber que, en el pa\u00eds, la seguridad y justicia quede muy lejos de ser una realidad\u00bb.<\/p>\n\n\n\n<p>\u00abConscientes del valor que representan los medios para la difusi\u00f3n de nuestras actividades, la autoridad debe garantizarles el poder trabajar sin miedo a la represi\u00f3n o la violencia, son ciudadanos que salen a trabajar como todos y deben estar protegidos\u201d.<\/p>\n\n\n\n<p>Estrada Mauro exigi\u00f3 que se garantice la libertad de expresi\u00f3n, a los trabajadores de los medios de comunicaci\u00f3n se les permita ejercer su carrera sin miedo a ser reprimidos o asesinados.<\/p>\n\n\n\n<p>\u00abEs terrible que quieran callar las voces de los que difunden los hechos buenos o malos, que est\u00e1n ocurriendo en Oaxaca y en todo M\u00e9xico, debe el Estado trabajar para dejar de ser uno de los pa\u00edses m\u00e1s peligrosos para ejercer esta profesi\u00f3n\u00bb.<\/p>\n\n\n\n<p>Cabe mencionar que en lo que va de este 2022 ya van dos ataques contra reporteros en Oaxaca, el pasado 26 de enero, Jos\u00e9 Ignacio Santiago Mart\u00ednez, comunicador de Juchit\u00e1n de Zaragoza, result\u00f3 ileso de un ataque armado ocurrido cuando circulaba en su veh\u00edculo sobre la carretera Yosonicaje-Tlaxiaco.<\/p>\n","protected":false},"excerpt":{"rendered":"<p>Redacci\u00f3n\/Zona Roja. Oaxaca de Ju\u00e1rez, Oax., 11 de febrero de 2022.- La presidenta de la&hellip;<\/p>\n","protected":false},"author":2,"featured_media":37505,"comment_status":"closed","ping_status":"open","sticky":false,"template":"","format":"standard","meta":{"_lmt_disableupdate":"","_lmt_disable":"","_jetpack_memberships_contains_paid_content":false,"footnotes":""},"categories":[109,46],"tags":[674],"class_list":["post-37504","post","type-post","status-publish","format-standard","has-post-thumbnail","hentry","category-minuto-a-minuto","category-zona-blanca","tag-laura-estada-mauro"],"jetpack_featured_media_url":"https:\/\/zonaroja.com.mx\/wp-content\/uploads\/2022\/02\/Laura-Estrada-Mauro.jpg","jetpack_sharing_enabled":true,"_links":{"self":[{"href":"https:\/\/zonaroja.com.mx\/index.php?rest_route=\/wp\/v2\/posts\/37504","targetHints":{"allow":["GET"]}}],"collection":[{"href":"https:\/\/zonaroja.com.mx\/index.php?rest_route=\/wp\/v2\/posts"}],"about":[{"href":"https:\/\/zonaroja.com.mx\/index.php?rest_route=\/wp\/v2\/types\/post"}],"author":[{"embeddable":true,"href":"https:\/\/zonaroja.com.mx\/index.php?rest_route=\/wp\/v2\/users\/2"}],"replies":[{"embeddable":true,"href":"https:\/\/zonaroja.com.mx\/index.php?rest_route=%2Fwp%2Fv2%2Fcomments&post=37504"}],"version-history":[{"count":1,"href":"https:\/\/zonaroja.com.mx\/index.php?rest_route=\/wp\/v2\/posts\/37504\/revisions"}],"predecessor-version":[{"id":37506,"href":"https:\/\/zonaroja.com.mx\/index.php?rest_route=\/wp\/v2\/posts\/37504\/revisions\/37506"}],"wp:featuredmedia":[{"embeddable":true,"href":"https:\/\/zonaroja.com.mx\/index.php?rest_route=\/wp\/v2\/media\/37505"}],"wp:attachment":[{"href":"https:\/\/zonaroja.com.mx\/index.php?rest_route=%2Fwp%2Fv2%2Fmedia&parent=37504"}],"wp:term":[{"taxonomy":"category","embeddable":true,"href":"https:\/\/zonaroja.com.mx\/index.php?rest_route=%2Fwp%2Fv2%2Fcategories&post=37504"},{"taxonomy":"post_tag","embeddable":true,"href":"https:\/\/zonaroja.com.mx\/index.php?rest_route=%2Fwp%2Fv2%2Ftags&post=37504"}],"curies":[{"name":"wp","href":"https:\/\/api.w.org\/{rel}","templated":true}]}}