{"id":37509,"date":"2022-02-12T08:39:04","date_gmt":"2022-02-12T14:39:04","guid":{"rendered":"http:\/\/www.zonaroja.com.mx\/?p=37509"},"modified":"2022-02-12T08:39:07","modified_gmt":"2022-02-12T14:39:07","slug":"atiende-mecanismo-de-proteccion-a-familia-de-periodista-asesinado-en-oaxaca","status":"publish","type":"post","link":"https:\/\/zonaroja.com.mx\/?p=37509","title":{"rendered":"Atiende Mecanismo de Protecci\u00f3n a familia de periodista asesinado en Oaxaca"},"content":{"rendered":"\n<p>Redacci\u00f3n\/Zona Roja.<\/p>\n\n\n\n<p>Oaxaca de Ju\u00e1rez, Oax., 12 de febrero de 2022.- El Mecanismo de Protecci\u00f3n para Personas Defensoras de Derechos Humanos y Periodistas de la Secretar\u00eda de Gobernaci\u00f3n (Segob) inform\u00f3 que funcionarios de esta instancia federal se desplegaron al municipio de Salina Cruz, Oaxaca, y se encuentran con la familia del periodista H\u00e9ber L\u00f3pez V\u00e1zquez para brindar los servicios respectivos e implementar las medidas de protecci\u00f3n necesarias para garantizar su integridad y su vida.<\/p>\n\n\n\n<p>En un comunicado, expuso que la Coordinaci\u00f3n Ejecutiva Nacional del Mecanismo tuvo conocimiento la tarde-noche del jueves que dicho periodista, quien no estaba incorporado a esta instancia, fue asesinado en su domicilio en esa localidad.<\/p>\n\n\n\n<p>Expuso que seg\u00fan informaci\u00f3n oficial de la Fiscal\u00eda General del Estado de Oaxaca, dos personas que probablemente participaron en los hechos, fueron detenidas por la polic\u00eda municipal de Salina Cruz, y se les confisc\u00f3 un arma de fuego.<\/p>\n\n\n\n<p>En relaci\u00f3n con los hechos, el Ministerio P\u00fablico del fuero com\u00fan inici\u00f3 una investigaci\u00f3n por el homicidio del comunicador y la probable responsabilidad de las personas detenidas.<\/p>\n\n\n\n<p>\u201cEl Mecanismo de Protecci\u00f3n seguir\u00e1 en estrecha coordinaci\u00f3n con el gobierno y la Fiscal\u00eda General del Estado de Oaxaca, a fin de colaborar en cualquier circunstancia relativa a la atenci\u00f3n de la familia de Heber L\u00f3pez V\u00e1zquez; as\u00ed como en el monitoreo constante para atender cualquier tipo de riesgo o amenaza en contra de personas defensoras de derechos humanos y periodistas\u201d, expuso.<\/p>\n","protected":false},"excerpt":{"rendered":"<p>Redacci\u00f3n\/Zona Roja. Oaxaca de Ju\u00e1rez, Oax., 12 de febrero de 2022.- El Mecanismo de Protecci\u00f3n&hellip;<\/p>\n","protected":false},"author":2,"featured_media":37510,"comment_status":"closed","ping_status":"open","sticky":false,"template":"","format":"standard","meta":{"_lmt_disableupdate":"","_lmt_disable":"","_jetpack_memberships_contains_paid_content":false,"footnotes":""},"categories":[109,47],"tags":[3029],"class_list":["post-37509","post","type-post","status-publish","format-standard","has-post-thumbnail","hentry","category-minuto-a-minuto","category-zona-gris","tag-heber-lopez-vasquez"],"jetpack_featured_media_url":"https:\/\/zonaroja.com.mx\/wp-content\/uploads\/2022\/02\/Heber-Lopez-Vasquez.jpg","jetpack_sharing_enabled":true,"_links":{"self":[{"href":"https:\/\/zonaroja.com.mx\/index.php?rest_route=\/wp\/v2\/posts\/37509","targetHints":{"allow":["GET"]}}],"collection":[{"href":"https:\/\/zonaroja.com.mx\/index.php?rest_route=\/wp\/v2\/posts"}],"about":[{"href":"https:\/\/zonaroja.com.mx\/index.php?rest_route=\/wp\/v2\/types\/post"}],"author":[{"embeddable":true,"href":"https:\/\/zonaroja.com.mx\/index.php?rest_route=\/wp\/v2\/users\/2"}],"replies":[{"embeddable":true,"href":"https:\/\/zonaroja.com.mx\/index.php?rest_route=%2Fwp%2Fv2%2Fcomments&post=37509"}],"version-history":[{"count":1,"href":"https:\/\/zonaroja.com.mx\/index.php?rest_route=\/wp\/v2\/posts\/37509\/revisions"}],"predecessor-version":[{"id":37511,"href":"https:\/\/zonaroja.com.mx\/index.php?rest_route=\/wp\/v2\/posts\/37509\/revisions\/37511"}],"wp:featuredmedia":[{"embeddable":true,"href":"https:\/\/zonaroja.com.mx\/index.php?rest_route=\/wp\/v2\/media\/37510"}],"wp:attachment":[{"href":"https:\/\/zonaroja.com.mx\/index.php?rest_route=%2Fwp%2Fv2%2Fmedia&parent=37509"}],"wp:term":[{"taxonomy":"category","embeddable":true,"href":"https:\/\/zonaroja.com.mx\/index.php?rest_route=%2Fwp%2Fv2%2Fcategories&post=37509"},{"taxonomy":"post_tag","embeddable":true,"href":"https:\/\/zonaroja.com.mx\/index.php?rest_route=%2Fwp%2Fv2%2Ftags&post=37509"}],"curies":[{"name":"wp","href":"https:\/\/api.w.org\/{rel}","templated":true}]}}