{"id":3751,"date":"2019-09-07T15:25:34","date_gmt":"2019-09-07T20:25:34","guid":{"rendered":"http:\/\/www.zonaroja.com.mx\/?p=3751"},"modified":"2019-09-07T15:25:37","modified_gmt":"2019-09-07T20:25:37","slug":"sabado-sangriento-cinco-ejecutados-en-oaxaca-dos-son-mujeres","status":"publish","type":"post","link":"https:\/\/zonaroja.com.mx\/?p=3751","title":{"rendered":"S\u00e1bado sangriento: cinco ejecutados en Oaxaca; dos son mujeres"},"content":{"rendered":"\n<p>Redacci\u00f3n\/Zona\nRoja.<\/p>\n\n\n\n<p>Oaxaca de\nJu\u00e1rez, Oax., 7 de septiembre de 2019.- Cinco personas fueron asesinadas a\nbalazos este s\u00e1bado, adem\u00e1s de registrarse un veh\u00edculo calcinado, en las\nregiones Ca\u00f1ada y Cuenca del Papaloapan de Oaxaca.<\/p>\n\n\n\n<p>Alrededor de\nlas 12:00 horas se report\u00f3 la ejecuci\u00f3n de dos hombres y dos mujeres, as\u00ed como\nuna femenina m\u00e1s herida, en la localidad de Agua de Hueso, del municipio de\nHuautla de Jim\u00e9nez, regi\u00f3n Ca\u00f1ada.<\/p>\n\n\n\n<p>De acuerdo con los primeros informes policiacos, dentro de un domicilio fueron localizados Marcelina Carrera Idelfonso, de 45 a\u00f1os de edad aproximadamente; Mar\u00eda Magdalena Garc\u00eda Idelfonso, de 18 a\u00f1os de edad, y Magdaleno Garc\u00eda Garc\u00eda, de 43 a\u00f1os, quienes presentan disparos de armas de fuego en diversas partes del cuerpo.<\/p>\n\n\n\n<figure class=\"wp-block-embed-twitter wp-block-embed is-type-rich is-provider-twitter\"><div class=\"wp-block-embed__wrapper\">\n<div class=\"twitter-tweet\"><blockquote class=\"twitter-tweet\" data-lang=\"es\"><p lang=\"es\" dir=\"ltr\"><a href=\"https:\/\/twitter.com\/hashtag\/OaxacaRojo?src=hash&amp;ref_src=twsrc%5Etfw\">#OaxacaRojo<\/a><br>El fracaso de la seguridad p\u00fablica en <a href=\"https:\/\/twitter.com\/hashtag\/Oaxaca?src=hash&amp;ref_src=twsrc%5Etfw\">#Oaxaca<\/a>: cinco homicidios y un veh\u00edculo incendiado este s\u00e1bado. Cuatro personas fueron ejecutadas en Huautla de Jim\u00e9nez, dos de las cuales son <a href=\"https:\/\/twitter.com\/hashtag\/mujeres?src=hash&amp;ref_src=twsrc%5Etfw\">#mujeres<\/a>, y una en inmediaciones de San Jos\u00e9 Cosolapa. <a href=\"https:\/\/twitter.com\/SSPCMexico?ref_src=twsrc%5Etfw\">@SSPCMexico<\/a> <a href=\"https:\/\/twitter.com\/KarinaBaronO?ref_src=twsrc%5Etfw\">@KarinaBaronO<\/a> <a href=\"https:\/\/t.co\/eQ0u3a3kSV\">pic.twitter.com\/eQ0u3a3kSV<\/a><\/p>&mdash; Zona Roja Oaxaca (@MexRoja) <a href=\"https:\/\/twitter.com\/MexRoja\/status\/1170422315991076866?ref_src=twsrc%5Etfw\">7 de septiembre de 2019<\/a><\/blockquote><\/div>\n<\/div><\/figure>\n\n\n\n<p>En el exterior\nde la vivienda se hall\u00f3 un individuo identificado como Benito, el cuarto\nultimado, mientras que una mujer de nombre Josefina Garc\u00eda Carrera, de 21 a\u00f1os\nde edad, trasladada al Hospital IMSS de Huautla.<\/p>\n\n\n\n<p>Hasta el\nmomento se desconoce el m\u00f3vil del m\u00faltiple asesinato ocurrido en ese municipio\nde la zona Mazateca, donde recientemente se han intensificado los delitos como\nel homicidio, secuestro y robo.<\/p>\n\n\n\n<p>TAMBI\u00c9N EN\nCUENCA<\/p>\n\n\n\n<p>Por otra\nparte, en la carretera estatal en inmediaciones de San Jos\u00e9 Cosolapa, regi\u00f3n\nCuenca, result\u00f3 semicalcinada una pipa de gas, presuntamente debido a una falla\nel\u00e9ctrica. <\/p>\n\n\n\n<p>Sin embargo,\na un kil\u00f3metro de este siniestro, a la altura del puente Juan S\u00e1nchez 2, fue\nhallado el cuerpo de un individuo, sin identificaci\u00f3n oficial y en cuya mu\u00f1eca\nlleva tatuada el nombre de \u201cKing\u201d.<\/p>\n\n\n\n<p>V\u00eda redes sociales, la Fiscal\u00eda General del Estado dijo que investiga el homicidio de tres personas en Huautla de Jim\u00e9nez.<\/p>\n\n\n\n<figure class=\"wp-block-image\"><img decoding=\"async\" width=\"360\" height=\"270\" src=\"http:\/\/www.zonaroja.com.mx\/wp-content\/uploads\/2019\/09\/37d0e3a8-caf3-4f4a-b304-6a6bb9a02e05.jpg\" alt=\"\" class=\"wp-image-3752\" srcset=\"https:\/\/zonaroja.com.mx\/wp-content\/uploads\/2019\/09\/37d0e3a8-caf3-4f4a-b304-6a6bb9a02e05.jpg 360w, https:\/\/zonaroja.com.mx\/wp-content\/uploads\/2019\/09\/37d0e3a8-caf3-4f4a-b304-6a6bb9a02e05-300x225.jpg 300w\" sizes=\"(max-width: 360px) 100vw, 360px\" \/><\/figure>\n","protected":false},"excerpt":{"rendered":"<p>Redacci\u00f3n\/Zona Roja. Oaxaca de Ju\u00e1rez, Oax., 7 de septiembre de 2019.- Cinco personas fueron asesinadas&hellip;<\/p>\n","protected":false},"author":2,"featured_media":3753,"comment_status":"closed","ping_status":"open","sticky":false,"template":"","format":"standard","meta":{"_lmt_disableupdate":"","_lmt_disable":"","_jetpack_memberships_contains_paid_content":false,"footnotes":""},"categories":[109,51],"tags":[203,680],"class_list":["post-3751","post","type-post","status-publish","format-standard","has-post-thumbnail","hentry","category-minuto-a-minuto","category-zona-roja","tag-huautla-de-jimenez","tag-san-jose-cosolapa"],"jetpack_featured_media_url":"https:\/\/zonaroja.com.mx\/wp-content\/uploads\/2019\/09\/55f8752a-4354-4500-8b68-b5a5e54c6f09.jpg","jetpack_sharing_enabled":true,"_links":{"self":[{"href":"https:\/\/zonaroja.com.mx\/index.php?rest_route=\/wp\/v2\/posts\/3751","targetHints":{"allow":["GET"]}}],"collection":[{"href":"https:\/\/zonaroja.com.mx\/index.php?rest_route=\/wp\/v2\/posts"}],"about":[{"href":"https:\/\/zonaroja.com.mx\/index.php?rest_route=\/wp\/v2\/types\/post"}],"author":[{"embeddable":true,"href":"https:\/\/zonaroja.com.mx\/index.php?rest_route=\/wp\/v2\/users\/2"}],"replies":[{"embeddable":true,"href":"https:\/\/zonaroja.com.mx\/index.php?rest_route=%2Fwp%2Fv2%2Fcomments&post=3751"}],"version-history":[{"count":1,"href":"https:\/\/zonaroja.com.mx\/index.php?rest_route=\/wp\/v2\/posts\/3751\/revisions"}],"predecessor-version":[{"id":3754,"href":"https:\/\/zonaroja.com.mx\/index.php?rest_route=\/wp\/v2\/posts\/3751\/revisions\/3754"}],"wp:featuredmedia":[{"embeddable":true,"href":"https:\/\/zonaroja.com.mx\/index.php?rest_route=\/wp\/v2\/media\/3753"}],"wp:attachment":[{"href":"https:\/\/zonaroja.com.mx\/index.php?rest_route=%2Fwp%2Fv2%2Fmedia&parent=3751"}],"wp:term":[{"taxonomy":"category","embeddable":true,"href":"https:\/\/zonaroja.com.mx\/index.php?rest_route=%2Fwp%2Fv2%2Fcategories&post=3751"},{"taxonomy":"post_tag","embeddable":true,"href":"https:\/\/zonaroja.com.mx\/index.php?rest_route=%2Fwp%2Fv2%2Ftags&post=3751"}],"curies":[{"name":"wp","href":"https:\/\/api.w.org\/{rel}","templated":true}]}}