{"id":37514,"date":"2022-02-12T11:42:29","date_gmt":"2022-02-12T17:42:29","guid":{"rendered":"http:\/\/www.zonaroja.com.mx\/?p=37514"},"modified":"2022-02-12T11:42:32","modified_gmt":"2022-02-12T17:42:32","slug":"recrudece-la-violencia-en-el-istmo-queman-cuatro-vehiculos-entre-ellos-patrulla","status":"publish","type":"post","link":"https:\/\/zonaroja.com.mx\/?p=37514","title":{"rendered":"Recrudece la violencia en el Istmo; queman cuatro veh\u00edculos, entre ellos patrulla"},"content":{"rendered":"\n<p>Redacci\u00f3n\/Zona Rosa.<\/p>\n\n\n\n<p>Oaxaca de Ju\u00e1rez, Oax., 12 de febrero de 2022.- A dos semanas de tres masacres en Juchit\u00e1n y a tres d\u00edas del asesinato de un periodista en Salina Cruz, la violencia recrudeci\u00f3 hoy en la regi\u00f3n del Istmo de Tehuantepec.<\/p>\n\n\n\n<p>Esta ma\u00f1ana, pobladores de San Blas Atempa, quemaron cuatro unidades de motor, entre ellas una polic\u00eda municipal, a un costado de la carretera Trans\u00edstmica, en inmediaciones de la localidad Puente Madera.<\/p>\n\n\n\n<p>Lo anterior en represalia al proyecto del Corredor Interoce\u00e1nico que impulsa el Presidente de M\u00e9xico, Andr\u00e9s Manuel L\u00f3pez Obrador.<\/p>\n\n\n\n<p>Los pobladores de San Blas se niegan a vender sus tierras para la instalaci\u00f3n de un parque industrial en la zona, que forma parte del proyecto federal.<\/p>\n\n\n\n<p>A falta de atenci\u00f3n y respuesta por parte de alguna autoridad federal, estatal o municipal, iniciaron el bloqueo de la v\u00eda federal, por lo que por ahora el tr\u00e1nsito vehicular es \u00fanicamente por la supercarretera Oaxaca-La Ventosa.<\/p>\n","protected":false},"excerpt":{"rendered":"<p>Redacci\u00f3n\/Zona Rosa. Oaxaca de Ju\u00e1rez, Oax., 12 de febrero de 2022.- A dos semanas de&hellip;<\/p>\n","protected":false},"author":2,"featured_media":37515,"comment_status":"closed","ping_status":"open","sticky":false,"template":"","format":"standard","meta":{"_lmt_disableupdate":"","_lmt_disable":"","_jetpack_memberships_contains_paid_content":false,"footnotes":""},"categories":[109,47],"tags":[1760],"class_list":["post-37514","post","type-post","status-publish","format-standard","has-post-thumbnail","hentry","category-minuto-a-minuto","category-zona-gris","tag-villa-de-san-blas-atempa"],"jetpack_featured_media_url":"https:\/\/zonaroja.com.mx\/wp-content\/uploads\/2022\/02\/Patrulla-inecndiada-Istmo.jpg","jetpack_sharing_enabled":true,"_links":{"self":[{"href":"https:\/\/zonaroja.com.mx\/index.php?rest_route=\/wp\/v2\/posts\/37514","targetHints":{"allow":["GET"]}}],"collection":[{"href":"https:\/\/zonaroja.com.mx\/index.php?rest_route=\/wp\/v2\/posts"}],"about":[{"href":"https:\/\/zonaroja.com.mx\/index.php?rest_route=\/wp\/v2\/types\/post"}],"author":[{"embeddable":true,"href":"https:\/\/zonaroja.com.mx\/index.php?rest_route=\/wp\/v2\/users\/2"}],"replies":[{"embeddable":true,"href":"https:\/\/zonaroja.com.mx\/index.php?rest_route=%2Fwp%2Fv2%2Fcomments&post=37514"}],"version-history":[{"count":1,"href":"https:\/\/zonaroja.com.mx\/index.php?rest_route=\/wp\/v2\/posts\/37514\/revisions"}],"predecessor-version":[{"id":37516,"href":"https:\/\/zonaroja.com.mx\/index.php?rest_route=\/wp\/v2\/posts\/37514\/revisions\/37516"}],"wp:featuredmedia":[{"embeddable":true,"href":"https:\/\/zonaroja.com.mx\/index.php?rest_route=\/wp\/v2\/media\/37515"}],"wp:attachment":[{"href":"https:\/\/zonaroja.com.mx\/index.php?rest_route=%2Fwp%2Fv2%2Fmedia&parent=37514"}],"wp:term":[{"taxonomy":"category","embeddable":true,"href":"https:\/\/zonaroja.com.mx\/index.php?rest_route=%2Fwp%2Fv2%2Fcategories&post=37514"},{"taxonomy":"post_tag","embeddable":true,"href":"https:\/\/zonaroja.com.mx\/index.php?rest_route=%2Fwp%2Fv2%2Ftags&post=37514"}],"curies":[{"name":"wp","href":"https:\/\/api.w.org\/{rel}","templated":true}]}}