{"id":37521,"date":"2022-02-12T18:48:57","date_gmt":"2022-02-13T00:48:57","guid":{"rendered":"http:\/\/www.zonaroja.com.mx\/?p=37521"},"modified":"2022-02-12T18:48:59","modified_gmt":"2022-02-13T00:48:59","slug":"resguarda-policia-estatal-domicilio-de-familia-de-periodista-asesinado","status":"publish","type":"post","link":"https:\/\/zonaroja.com.mx\/?p=37521","title":{"rendered":"Resguarda Polic\u00eda Estatal domicilio de familia de periodista asesinado"},"content":{"rendered":"\n<p>Redacci\u00f3n\/Zona Roja.<\/p>\n\n\n\n<p>Oaxaca de Ju\u00e1rez, Oax., 12 de febrero de 2022.- Elementos de la Polic\u00eda Estatal resguardan el domicilio y zona aleda\u00f1a del periodista asesinado en Salina Cruz, inform\u00f3 la Secretar\u00eda de Seguridad P\u00fablica de Oaxaca.<\/p>\n\n\n\n<p>Lo anterior con la finalidad de garantizar la seguridad de los deudos de H\u00e9ber L\u00f3pez V\u00e1squez, as\u00ed como dar cumplimiento a las medidas cautelares emitidas por organismos de derechos humanos, detall\u00f3.<\/p>\n\n\n\n<p>En tanto, la Fiscal\u00eda General del Estado de Oaxaca (FGEO) dio a conocer que en estrecha coordinaci\u00f3n con la Guardia Nacional (GN), Secretar\u00eda de la Defensa Nacional (Sedena), Secretar\u00eda de Marina (Semar) y la SSPO, realizaron el traslado de dos personas detenidas por su presunta responsabilidad en el homicidio de un periodista cometido en Salina Cruz, en el Istmo de Tehuantepec.<\/p>\n\n\n\n<p>En un comunicado inform\u00f3 que la decisi\u00f3n de trasladar a Ricardo E. C. y Ricardo G. R. al penal varonil de Tanivet, en Tlacolula de Matamoros, se dio para garantizar la seguridad de los imputados y que se realicen sin contratiempos las audiencias ante el Juez programadas en el proceso penal por homicidio calificado que se sigue contra ambos probables responsable, como consta en la averiguaci\u00f3n previa 4748\/FIST\/SALINA\/2022.<\/p>\n\n\n\n<figure class=\"wp-block-image size-large\"><a href=\"http:\/\/www.zonaroja.com.mx\/wp-content\/uploads\/2022\/02\/Traslado-detenidos-caso-Heber-3.jpg\" data-rel=\"penci-gallery-image-content\" ><img decoding=\"async\" width=\"1024\" height=\"682\" src=\"http:\/\/www.zonaroja.com.mx\/wp-content\/uploads\/2022\/02\/Traslado-detenidos-caso-Heber-3-1024x682.jpg\" alt=\"\" class=\"wp-image-37523\" srcset=\"https:\/\/zonaroja.com.mx\/wp-content\/uploads\/2022\/02\/Traslado-detenidos-caso-Heber-3-1024x682.jpg 1024w, https:\/\/zonaroja.com.mx\/wp-content\/uploads\/2022\/02\/Traslado-detenidos-caso-Heber-3-300x200.jpg 300w, https:\/\/zonaroja.com.mx\/wp-content\/uploads\/2022\/02\/Traslado-detenidos-caso-Heber-3-768x512.jpg 768w, https:\/\/zonaroja.com.mx\/wp-content\/uploads\/2022\/02\/Traslado-detenidos-caso-Heber-3-585x390.jpg 585w, https:\/\/zonaroja.com.mx\/wp-content\/uploads\/2022\/02\/Traslado-detenidos-caso-Heber-3-263x175.jpg 263w, https:\/\/zonaroja.com.mx\/wp-content\/uploads\/2022\/02\/Traslado-detenidos-caso-Heber-3.jpg 1100w\" sizes=\"(max-width: 1024px) 100vw, 1024px\" \/><\/a><\/figure>\n\n\n\n<p>Durante la ma\u00f1ana de este s\u00e1bado 12 de febrero de 2022, un helic\u00f3ptero de la Guardia Nacional apoy\u00f3 para que los imputados fueran trasladados v\u00eda a\u00e9rea hasta los Valles Centrales de Oaxaca, donde quedaron internados en el Centro Penitenciario Varonil de Tanivet.<\/p>\n\n\n\n<p>En este despliegue participaron cinco mandos y 40 elementos de diferentes corporaciones como la Agencia Estatal de Investigaciones (AEI), Guardia Nacional (GN), Secretar\u00eda de la Defensa Nacional (Sedena), Secretar\u00eda de Marina (Semar) y la Polic\u00eda Estatal.<\/p>\n\n\n\n<p>El homicidio del periodista H\u00e9ber L\u00f3pez V\u00e1squez, sucedi\u00f3 la noche del pasado 10 de febrero, en calles del Barrio El Espinal del municipio de Salina Cruz, cuando dos personas interceptaron a la v\u00edctima y le dispararon cuando ingresaba a un domicilio, provocando heridas que terminaron con su vida.<\/p>\n","protected":false},"excerpt":{"rendered":"<p>Redacci\u00f3n\/Zona Roja. Oaxaca de Ju\u00e1rez, Oax., 12 de febrero de 2022.- Elementos de la Polic\u00eda&hellip;<\/p>\n","protected":false},"author":2,"featured_media":37522,"comment_status":"closed","ping_status":"open","sticky":false,"template":"","format":"standard","meta":{"_lmt_disableupdate":"","_lmt_disable":"","_jetpack_memberships_contains_paid_content":false,"footnotes":""},"categories":[109,47],"tags":[3029],"class_list":["post-37521","post","type-post","status-publish","format-standard","has-post-thumbnail","hentry","category-minuto-a-minuto","category-zona-gris","tag-heber-lopez-vasquez"],"jetpack_featured_media_url":"https:\/\/zonaroja.com.mx\/wp-content\/uploads\/2022\/02\/Traslado-detenidos-caso-Heber-2.jpg","jetpack_sharing_enabled":true,"_links":{"self":[{"href":"https:\/\/zonaroja.com.mx\/index.php?rest_route=\/wp\/v2\/posts\/37521","targetHints":{"allow":["GET"]}}],"collection":[{"href":"https:\/\/zonaroja.com.mx\/index.php?rest_route=\/wp\/v2\/posts"}],"about":[{"href":"https:\/\/zonaroja.com.mx\/index.php?rest_route=\/wp\/v2\/types\/post"}],"author":[{"embeddable":true,"href":"https:\/\/zonaroja.com.mx\/index.php?rest_route=\/wp\/v2\/users\/2"}],"replies":[{"embeddable":true,"href":"https:\/\/zonaroja.com.mx\/index.php?rest_route=%2Fwp%2Fv2%2Fcomments&post=37521"}],"version-history":[{"count":1,"href":"https:\/\/zonaroja.com.mx\/index.php?rest_route=\/wp\/v2\/posts\/37521\/revisions"}],"predecessor-version":[{"id":37524,"href":"https:\/\/zonaroja.com.mx\/index.php?rest_route=\/wp\/v2\/posts\/37521\/revisions\/37524"}],"wp:featuredmedia":[{"embeddable":true,"href":"https:\/\/zonaroja.com.mx\/index.php?rest_route=\/wp\/v2\/media\/37522"}],"wp:attachment":[{"href":"https:\/\/zonaroja.com.mx\/index.php?rest_route=%2Fwp%2Fv2%2Fmedia&parent=37521"}],"wp:term":[{"taxonomy":"category","embeddable":true,"href":"https:\/\/zonaroja.com.mx\/index.php?rest_route=%2Fwp%2Fv2%2Fcategories&post=37521"},{"taxonomy":"post_tag","embeddable":true,"href":"https:\/\/zonaroja.com.mx\/index.php?rest_route=%2Fwp%2Fv2%2Ftags&post=37521"}],"curies":[{"name":"wp","href":"https:\/\/api.w.org\/{rel}","templated":true}]}}