{"id":37532,"date":"2022-02-13T07:49:32","date_gmt":"2022-02-13T13:49:32","guid":{"rendered":"http:\/\/www.zonaroja.com.mx\/?p=37532"},"modified":"2022-02-13T07:49:35","modified_gmt":"2022-02-13T13:49:35","slug":"morena-no-puede-comprobar-encuestas-para-designar-precandidato-en-oaxaca","status":"publish","type":"post","link":"https:\/\/zonaroja.com.mx\/?p=37532","title":{"rendered":"Morena no puede comprobar encuestas para designar precandidato en Oaxaca"},"content":{"rendered":"\n<p>Yuridiana Sosa\/Zona Roja.<\/p>\n\n\n\n<p>Oaxaca de Ju\u00e1rez, Oax., 13 de febrero de 2022.- El Partido Morena inform\u00f3 a autoridades electorales que no cuenta con las encuestas que comprueben el m\u00e9todo para definir la precandidatura a la gubernatura de Oaxaca.<\/p>\n\n\n\n<p>El ex aspirante a este proceso, Alberto Estava Salinas, y quien sostiene un proceso legal para contar con informaci\u00f3n sobre los supuestos sondeos, inform\u00f3 sobre la contestaci\u00f3n de la unidad de transparencia de Morena a su solicitud.<\/p>\n\n\n\n<p>\u201cA \u2018Coraz\u00f3n Abierto Oaxaca\u2019, informa Morena que no tiene las encuestas para definir precandidato a gobernador, despu\u00e9s de una \u201cb\u00fasqueda exhaustiva\u201d, contestando con t\u00e9rmino vencido y con fecha anterior\u201d, detall\u00f3 en su cuenta de Twitter.<\/p>\n\n\n\n<p>D\u00edas previos, Esteva Salina tambi\u00e9n difundi\u00f3 que este partido solicit\u00f3 una pr\u00f3rroga al vencimiento de la petici\u00f3n debido a que requer\u00eda mayor tiempo para encontrar la documentaci\u00f3n relacionada a dicho proceso de selecci\u00f3n.<\/p>\n\n\n\n<p>Sin embargo, a pesar del plazo, la b\u00fasqueda se realiz\u00f3 sin resultados que demuestran lo que Morena ha difundido sobre la designaci\u00f3n justa del precandidato Salom\u00f3n Jara Cruz, otorgada en diciembre pasado y quien encabeza la coalici\u00f3n \u201cJuntos hacemos historia\u201d que integran junto con los partidos del Trabajo (PT), Verde Ecologista de M\u00e9xico (PVEM), Unidad Popular (PUP) y Morena.<\/p>\n\n\n\n<p>Morena suma dos inconformidades de los aspirantes a la gubernatura de Oaxaca al no comprobar la legalidad de las encuestas para la designaci\u00f3n del candidato, las cuales son por parte de Esteba Salinas y la senadora Susana Harp, quien contin\u00faa con la ruta jur\u00eddica ante los tribunales.<\/p>\n","protected":false},"excerpt":{"rendered":"<p>Yuridiana Sosa\/Zona Roja. Oaxaca de Ju\u00e1rez, Oax., 13 de febrero de 2022.- El Partido Morena&hellip;<\/p>\n","protected":false},"author":2,"featured_media":37284,"comment_status":"closed","ping_status":"open","sticky":false,"template":"","format":"standard","meta":{"_lmt_disableupdate":"","_lmt_disable":"","_jetpack_memberships_contains_paid_content":false,"footnotes":""},"categories":[109,47],"tags":[1070],"class_list":["post-37532","post","type-post","status-publish","format-standard","has-post-thumbnail","hentry","category-minuto-a-minuto","category-zona-gris","tag-alberto-esteva-salinas"],"jetpack_featured_media_url":"https:\/\/zonaroja.com.mx\/wp-content\/uploads\/2022\/02\/Alberto-Esteva-Salinas.jpg","jetpack_sharing_enabled":true,"_links":{"self":[{"href":"https:\/\/zonaroja.com.mx\/index.php?rest_route=\/wp\/v2\/posts\/37532","targetHints":{"allow":["GET"]}}],"collection":[{"href":"https:\/\/zonaroja.com.mx\/index.php?rest_route=\/wp\/v2\/posts"}],"about":[{"href":"https:\/\/zonaroja.com.mx\/index.php?rest_route=\/wp\/v2\/types\/post"}],"author":[{"embeddable":true,"href":"https:\/\/zonaroja.com.mx\/index.php?rest_route=\/wp\/v2\/users\/2"}],"replies":[{"embeddable":true,"href":"https:\/\/zonaroja.com.mx\/index.php?rest_route=%2Fwp%2Fv2%2Fcomments&post=37532"}],"version-history":[{"count":1,"href":"https:\/\/zonaroja.com.mx\/index.php?rest_route=\/wp\/v2\/posts\/37532\/revisions"}],"predecessor-version":[{"id":37533,"href":"https:\/\/zonaroja.com.mx\/index.php?rest_route=\/wp\/v2\/posts\/37532\/revisions\/37533"}],"wp:featuredmedia":[{"embeddable":true,"href":"https:\/\/zonaroja.com.mx\/index.php?rest_route=\/wp\/v2\/media\/37284"}],"wp:attachment":[{"href":"https:\/\/zonaroja.com.mx\/index.php?rest_route=%2Fwp%2Fv2%2Fmedia&parent=37532"}],"wp:term":[{"taxonomy":"category","embeddable":true,"href":"https:\/\/zonaroja.com.mx\/index.php?rest_route=%2Fwp%2Fv2%2Fcategories&post=37532"},{"taxonomy":"post_tag","embeddable":true,"href":"https:\/\/zonaroja.com.mx\/index.php?rest_route=%2Fwp%2Fv2%2Ftags&post=37532"}],"curies":[{"name":"wp","href":"https:\/\/api.w.org\/{rel}","templated":true}]}}