{"id":37534,"date":"2022-02-13T07:52:31","date_gmt":"2022-02-13T13:52:31","guid":{"rendered":"http:\/\/www.zonaroja.com.mx\/?p=37534"},"modified":"2022-02-13T07:52:33","modified_gmt":"2022-02-13T13:52:33","slug":"doble-emplazamiento-de-steuabjo-debe-sancionarse-rector-de-la-uabjo","status":"publish","type":"post","link":"https:\/\/zonaroja.com.mx\/?p=37534","title":{"rendered":"Doble emplazamiento de STEUABJO debe sancionarse: rector de la UABJO"},"content":{"rendered":"\n<p>Yuridiana Sosa\/Zona Roja.<\/p>\n\n\n\n<p>Oaxaca de Ju\u00e1rez, Oax., 12 de febrero de 2022.- Ante el in\u00e9dito emplazamiento doble que enfrenta la Universidad Aut\u00f3noma \u201cBenito Ju\u00e1rez\u201d de Oaxaca (UABJO) por parte del STEUABJO, el rector Eduardo Bautista asever\u00f3 que una autoridad externa debe revisar y sancionar este caso.<\/p>\n\n\n\n<p>En entrevista radiof\u00f3nica con el periodista Humberto Cruz, el rector de la m\u00e1xima casa de estudios primero dej\u00f3 en claro que este proceso se lleva a cabo con un respetuoso di\u00e1logo con cada una de las dos expresiones del Sindicato de Trabajadores y Empleados de la UABJO.<\/p>\n\n\n\n<p>Sin embargo, puntualiz\u00f3 que el otorgamiento de dos plazos por parte de la Junta Local de Conciliaci\u00f3n y Arbitraje \u201cdebe ser sancionado por una autoridad externa, no puede ser posible que se den dos emplazamientos a un solo sindicato\u201d.<\/p>\n\n\n\n<p>El pasado 28 de enero, la Junta Local notific\u00f3 a ambas corrientes el inicio formal de este proceso, una parte encabezada por Ariel Luj\u00e1n P\u00e9rez, quien recientemente fue ratificado como titular de la Secretar\u00eda General del gremio, y la otra, dirigida por Julio C\u00e9sar Mora P\u00e9rez, secretario de Organizaci\u00f3n pero que se ostenta como dirigente.<\/p>\n\n\n\n<p>Este hecho no se hab\u00eda registrado con anterioridad en la vida sindical de la Universidad, a pesar que en otros a\u00f1os tambi\u00e9n ha existido divisiones internas.<\/p>\n\n\n\n<p>\u201cMe parece que es algo que debe revisarse por una autoridad de car\u00e1cter laboral\u201d, sostuvo el rector.<\/p>\n\n\n\n<p>La fecha para el estallamiento a huelga qued\u00f3 definida para el 8 y 9 de marzo, agreg\u00f3.<\/p>\n\n\n\n<p>Ambas partes, tienen conocimiento que la UABJO no puede ofrecer m\u00e1s de lo que tiene autorizado por la Secretar\u00eda de Educaci\u00f3n P\u00fablica (SEP) que es un aumento del 3.5 por ciento directo al salario y 1.8 por ciento en t\u00e9rminos de prestaciones no ligadas al salario, dijo.<\/p>\n","protected":false},"excerpt":{"rendered":"<p>Yuridiana Sosa\/Zona Roja. Oaxaca de Ju\u00e1rez, Oax., 12 de febrero de 2022.- Ante el in\u00e9dito&hellip;<\/p>\n","protected":false},"author":2,"featured_media":37279,"comment_status":"closed","ping_status":"open","sticky":false,"template":"","format":"standard","meta":{"_lmt_disableupdate":"","_lmt_disable":"","_jetpack_memberships_contains_paid_content":false,"footnotes":""},"categories":[109,46],"tags":[360],"class_list":["post-37534","post","type-post","status-publish","format-standard","has-post-thumbnail","hentry","category-minuto-a-minuto","category-zona-blanca","tag-rector-eduardo-bautista-martinez"],"jetpack_featured_media_url":"https:\/\/zonaroja.com.mx\/wp-content\/uploads\/2022\/02\/Eduardo-Bautista-Martinez.jpg","jetpack_sharing_enabled":true,"_links":{"self":[{"href":"https:\/\/zonaroja.com.mx\/index.php?rest_route=\/wp\/v2\/posts\/37534","targetHints":{"allow":["GET"]}}],"collection":[{"href":"https:\/\/zonaroja.com.mx\/index.php?rest_route=\/wp\/v2\/posts"}],"about":[{"href":"https:\/\/zonaroja.com.mx\/index.php?rest_route=\/wp\/v2\/types\/post"}],"author":[{"embeddable":true,"href":"https:\/\/zonaroja.com.mx\/index.php?rest_route=\/wp\/v2\/users\/2"}],"replies":[{"embeddable":true,"href":"https:\/\/zonaroja.com.mx\/index.php?rest_route=%2Fwp%2Fv2%2Fcomments&post=37534"}],"version-history":[{"count":1,"href":"https:\/\/zonaroja.com.mx\/index.php?rest_route=\/wp\/v2\/posts\/37534\/revisions"}],"predecessor-version":[{"id":37535,"href":"https:\/\/zonaroja.com.mx\/index.php?rest_route=\/wp\/v2\/posts\/37534\/revisions\/37535"}],"wp:featuredmedia":[{"embeddable":true,"href":"https:\/\/zonaroja.com.mx\/index.php?rest_route=\/wp\/v2\/media\/37279"}],"wp:attachment":[{"href":"https:\/\/zonaroja.com.mx\/index.php?rest_route=%2Fwp%2Fv2%2Fmedia&parent=37534"}],"wp:term":[{"taxonomy":"category","embeddable":true,"href":"https:\/\/zonaroja.com.mx\/index.php?rest_route=%2Fwp%2Fv2%2Fcategories&post=37534"},{"taxonomy":"post_tag","embeddable":true,"href":"https:\/\/zonaroja.com.mx\/index.php?rest_route=%2Fwp%2Fv2%2Ftags&post=37534"}],"curies":[{"name":"wp","href":"https:\/\/api.w.org\/{rel}","templated":true}]}}