{"id":37538,"date":"2022-02-13T10:35:52","date_gmt":"2022-02-13T16:35:52","guid":{"rendered":"https:\/\/www.zonaroja.com.mx\/?p=37538"},"modified":"2022-02-13T11:06:32","modified_gmt":"2022-02-13T17:06:32","slug":"recrudece-la-violencia-en-oaxaca-capital-un-herido-y-un-asesinado","status":"publish","type":"post","link":"https:\/\/zonaroja.com.mx\/?p=37538","title":{"rendered":"Recrudece la violencia en Oaxaca capital; un herido y un asesinado"},"content":{"rendered":"\n<p>Ismael Garc\u00eda M.\/Zona Roja.<\/p>\n\n\n\n<p>Oaxaca de Ju\u00e1rez, Oax., 13 de febrero de 2022.- Ante las nulas estrategias de seguridad y la ausencia de polic\u00edas, en Oaxaca de Ju\u00e1rez la violencia recrudece.<\/p>\n\n\n\n<p>Ayer por la tarde, un individuo fue lesionado con arma blanca en el cuello, cerca de la Central de Abasto, mientras que en los primeros minutos de este domingo, un individuo fue asesinado en la colonia Reforma.<\/p>\n\n\n\n<p>Este \u00faltimo hecho ocurri\u00f3 en la calle Escuela Naval Militar, entre Amapolas y Emilio Carranza, donde una persona del sexo masculino, identificada con las iniciales J. U. R. J., de 45 a\u00f1os, fue atacada por arma blanca.<\/p>\n\n\n\n<p>De manera preliminar se dio a conocer que fue derivado de un incidente de tr\u00e1nsito en que el probable autor del percance se negaba a pagar los da\u00f1os, por lo cual fue agredido con arma blanca, al parecer por un motociclista que huy\u00f3 de inmediato. <\/p>\n\n\n\n<figure class=\"wp-block-embed\"><div class=\"wp-block-embed__wrapper\">\n<div class=\"twitter-tweet\"><blockquote class=\"twitter-tweet\" data-lang=\"es\"><p lang=\"es\" dir=\"ltr\">ZONA ROJA. <br>La violencia y el crimen, sin cesar en la ciudad de <a href=\"https:\/\/twitter.com\/hashtag\/Oaxaca?src=hash&amp;ref_src=twsrc%5Etfw\">#Oaxaca<\/a>. <br>La madrugada de este domingo, una persona del sexo masculino fue asesinada con arma blanca, al parecer tras ri\u00f1a; fue en la calle Escuela Naval Militar, entre Amapolas y Emilio Carranza, colonia Reforma. <a href=\"https:\/\/t.co\/dTsHT9cU55\">pic.twitter.com\/dTsHT9cU55<\/a><\/p>&mdash; Garc\u00eda Morales I. (@May_Garcia_M) <a href=\"https:\/\/twitter.com\/May_Garcia_M\/status\/1492895829904003073?ref_src=twsrc%5Etfw\">13 de febrero de 2022<\/a><\/blockquote><\/div>\n<\/div><\/figure>\n\n\n\n<p>Previo a ello, durante la tarde del s\u00e1bado, en la calle de Las Casas esquina con Victoria, a una cuadra del Perif\u00e9rico y de la Central de Abasto, un hombre fue atacado tambi\u00e9n con arma blanca, con lesiones en el cuello.<\/p>\n\n\n\n<p>Presuntamente se trat\u00f3 de un asalto y el agresor logr\u00f3 huir, ante la ausencia de polic\u00edas en la zona. Param\u00e9dicos de la Cruz Roja Mexicana lo atendieron y trasladaron a un hospital, donde convalece.<\/p>\n\n\n\n<p>El lesionado fue identificado como Abel O., de 45 a\u00f1os de edad, y su delicado de salud es grave.<\/p>\n","protected":false},"excerpt":{"rendered":"<p>Ismael Garc\u00eda M.\/Zona Roja. Oaxaca de Ju\u00e1rez, Oax., 13 de febrero de 2022.- Ante las&hellip;<\/p>\n","protected":false},"author":2,"featured_media":37537,"comment_status":"closed","ping_status":"open","sticky":false,"template":"","format":"standard","meta":{"_lmt_disableupdate":"","_lmt_disable":"","_jetpack_memberships_contains_paid_content":false,"footnotes":""},"categories":[109,51],"tags":[],"class_list":["post-37538","post","type-post","status-publish","format-standard","has-post-thumbnail","hentry","category-minuto-a-minuto","category-zona-roja"],"jetpack_featured_media_url":"https:\/\/zonaroja.com.mx\/wp-content\/uploads\/2022\/02\/Lesionado-arma-blanca-ciudad.jpg","jetpack_sharing_enabled":true,"_links":{"self":[{"href":"https:\/\/zonaroja.com.mx\/index.php?rest_route=\/wp\/v2\/posts\/37538","targetHints":{"allow":["GET"]}}],"collection":[{"href":"https:\/\/zonaroja.com.mx\/index.php?rest_route=\/wp\/v2\/posts"}],"about":[{"href":"https:\/\/zonaroja.com.mx\/index.php?rest_route=\/wp\/v2\/types\/post"}],"author":[{"embeddable":true,"href":"https:\/\/zonaroja.com.mx\/index.php?rest_route=\/wp\/v2\/users\/2"}],"replies":[{"embeddable":true,"href":"https:\/\/zonaroja.com.mx\/index.php?rest_route=%2Fwp%2Fv2%2Fcomments&post=37538"}],"version-history":[{"count":2,"href":"https:\/\/zonaroja.com.mx\/index.php?rest_route=\/wp\/v2\/posts\/37538\/revisions"}],"predecessor-version":[{"id":37540,"href":"https:\/\/zonaroja.com.mx\/index.php?rest_route=\/wp\/v2\/posts\/37538\/revisions\/37540"}],"wp:featuredmedia":[{"embeddable":true,"href":"https:\/\/zonaroja.com.mx\/index.php?rest_route=\/wp\/v2\/media\/37537"}],"wp:attachment":[{"href":"https:\/\/zonaroja.com.mx\/index.php?rest_route=%2Fwp%2Fv2%2Fmedia&parent=37538"}],"wp:term":[{"taxonomy":"category","embeddable":true,"href":"https:\/\/zonaroja.com.mx\/index.php?rest_route=%2Fwp%2Fv2%2Fcategories&post=37538"},{"taxonomy":"post_tag","embeddable":true,"href":"https:\/\/zonaroja.com.mx\/index.php?rest_route=%2Fwp%2Fv2%2Ftags&post=37538"}],"curies":[{"name":"wp","href":"https:\/\/api.w.org\/{rel}","templated":true}]}}