{"id":37544,"date":"2022-02-13T14:12:20","date_gmt":"2022-02-13T20:12:20","guid":{"rendered":"http:\/\/www.zonaroja.com.mx\/?p=37544"},"modified":"2022-02-13T14:12:22","modified_gmt":"2022-02-13T20:12:22","slug":"sindica-del-ayuntamiento-de-oaxaca-de-juarez-encabezo-despojo-de-colonos","status":"publish","type":"post","link":"https:\/\/zonaroja.com.mx\/?p=37544","title":{"rendered":"S\u00edndica del ayuntamiento de Oaxaca de Ju\u00e1rez, encabez\u00f3 despojo de colonos"},"content":{"rendered":"\n<p>Redacci\u00f3n\/Estado 20.<\/p>\n\n\n\n<p>Oaxaca de Ju\u00e1rez, Oax., 13 de febrero de 2022.- Fue el 28 de mayo de 2021 cuando el entonces candidato de Morena a la presidencia municipal de Oaxaca de Ju\u00e1rez, Francisco Mart\u00ednez Neri, firm\u00f3 como testigo una carta de intenci\u00f3n bilateral con la que se compromet\u00eda a regularizar los predios en donde habitan al menos 26 familias de la colonia Heladio Ram\u00edrez L\u00f3pez de la ciudad de Oaxaca de Ju\u00e1rez, sin embargo, el 9 de febrero una de esas familias fue despojada de su patrimonio.<\/p>\n\n\n\n<p>La s\u00edndica primera Nancy Bel\u00e9n Mota Figueroa, acompa\u00f1ada de 25 elementos de la Polic\u00eda Municipal, fue quien realiz\u00f3 el despojo, seg\u00fan los perjudicados, sin siquiera mostrar una orden de desalojo y sin previo aviso.<\/p>\n\n\n\n<p>Y es que el presidente municipal firm\u00f3 como testigo una carta de intenci\u00f3n, cuando era candidato, en la que se compromet\u00eda con el que fuera due\u00f1o de los terrenos, Alejandro C\u00f3rdova Brena, a regularizar y escriturar los predios que son habitados desde hace d\u00e9cadas por familias en condici\u00f3n vulnerable.<\/p>\n\n\n\n<p>Existen documentos con la firma de Mart\u00ednez Neri, adem\u00e1s de videos, en donde \u00e9l mismo se compromete a regularizar estos predios y menciona los nombres de los que ser\u00edan los beneficiarios, en este caso una de ellas ser\u00eda Mercedes L\u00f3pez Hen\u00e1ndez.<\/p>\n\n\n\n<p>\u201cLlegu\u00e9 a mi casa y dentro de mi predio hab\u00eda polic\u00edas, les pregunt\u00e9 el motivo del por qu\u00e9 abrieron mi casa sin permiso ni orden. Me dijeron que ven\u00edan representando al municipio de Oaxaca\u201d, narra la se\u00f1ora Mercedes, de ocupaci\u00f3n ama de casa.<\/p>\n\n\n\n<p>USARON POLIC\u00cdAS<\/p>\n\n\n\n<p>Ella cont\u00f3 a 25 elementos de la Polic\u00eda Municipal quienes resguardaron el predio a pesar de la promesa del presidente municipal, a quien piden justicia.<\/p>\n\n\n\n<p>\u201cDijeron que ese predio era propiedad del municipio, pero yo lo compr\u00e9 con el due\u00f1o, quien me dijo que todo estaba en regla y por eso pagamos una cierta cantidad. Ahorita no s\u00e9 qu\u00e9 est\u00e1 pasando, pero tenemos documentos que comprueban que realic\u00e9 los pagos\u201d, detall\u00f3 la afectada.<\/p>\n\n\n\n<p>Agreg\u00f3 que \u201cen una reuni\u00f3n que tuvimos con \u00e9l, nos prometi\u00f3 las escrituras y \u00e9l dijo que nada m\u00e1s que recibiera esto se iba a componer y se iba a movilizar para que salieran r\u00e1pido las escrituras\u201d, afirm\u00f3 quien ahora, les buscar\u00e1 un lugar a sus pap\u00e1s para vivir con los cuatro integrantes de su familia.<\/p>\n\n\n\n<p>CARTA DE INTENCI\u00d3N<\/p>\n\n\n\n<p>Pero Mercedes no es la \u00fanica afectada, al menos 26 familias m\u00e1s est\u00e1n en riesgo de perder su patrimonio, el cual tienen miedo de que el municipio los arrebate. Cada uno de sus lotes sin contar las edificaciones est\u00e1n valuadas en al menos 400 mil pesos.<\/p>\n\n\n\n<p>Felipa Ruiz, quien es la representante de los vecinos afectados, afirma que el costo de los terrenos puede ser una de las causas por las que est\u00e1n siendo pretendidos por personas cercanas a Francisco Mart\u00ednez Neri.<\/p>\n\n\n\n<p>La representante recuerda que los terrenos que reclama Mart\u00ednez Neri para el municipio, fueron comprados por quienes ahora las habitan, ya que anteriormente se pretend\u00eda construir una cancha en el lugar, sin embargo, el objetivo no se logr\u00f3 ya que se convirti\u00f3 en un lugar en donde delincuentes se reun\u00edan.<\/p>\n\n\n\n<p>\u201cEse predio se lo vendi\u00f3 el due\u00f1o, hay documentos. Ahora digo yo, como autoridad que es el se\u00f1or Mart\u00ednez Neri, \u00bfpor qu\u00e9 no convoc\u00f3 o realiz\u00f3 una notificaci\u00f3n? pero no hubo nada\u201d, dijo Felipa.<\/p>\n\n\n\n<p>Se\u00f1al\u00f3 a la s\u00edndica primero de ser quien realiz\u00f3 personalmente el despojo y quien le dijo a Mercedes que no pod\u00eda entrar a su vivienda, afirmando que el predio es del municipio.<\/p>\n\n\n\n<p>Felipa se\u00f1al\u00f3 que han tratado de comunicarse con las autoridades municipales para que expliquen la causa del despojo ocurrido, sin embargo no han obtenido respuesta, por lo que el viernes 11 de febrero asistir\u00e1n en grupo al municipio para hablar personalmente con Francisco Mart\u00ednez Neri.<\/p>\n\n\n\n<p>(Miguel \u00c1ngel Maya Alonso\/elpajarovaquero.com)<\/p>\n","protected":false},"excerpt":{"rendered":"<p>Redacci\u00f3n\/Estado 20. Oaxaca de Ju\u00e1rez, Oax., 13 de febrero de 2022.- Fue el 28 de&hellip;<\/p>\n","protected":false},"author":2,"featured_media":37536,"comment_status":"closed","ping_status":"open","sticky":false,"template":"","format":"standard","meta":{"_lmt_disableupdate":"","_lmt_disable":"","_jetpack_memberships_contains_paid_content":false,"footnotes":""},"categories":[109,47],"tags":[148],"class_list":["post-37544","post","type-post","status-publish","format-standard","has-post-thumbnail","hentry","category-minuto-a-minuto","category-zona-gris","tag-oaxaca-de-juarez"],"jetpack_featured_media_url":"https:\/\/zonaroja.com.mx\/wp-content\/uploads\/2022\/02\/Nancy-Mota.jpg","jetpack_sharing_enabled":true,"_links":{"self":[{"href":"https:\/\/zonaroja.com.mx\/index.php?rest_route=\/wp\/v2\/posts\/37544","targetHints":{"allow":["GET"]}}],"collection":[{"href":"https:\/\/zonaroja.com.mx\/index.php?rest_route=\/wp\/v2\/posts"}],"about":[{"href":"https:\/\/zonaroja.com.mx\/index.php?rest_route=\/wp\/v2\/types\/post"}],"author":[{"embeddable":true,"href":"https:\/\/zonaroja.com.mx\/index.php?rest_route=\/wp\/v2\/users\/2"}],"replies":[{"embeddable":true,"href":"https:\/\/zonaroja.com.mx\/index.php?rest_route=%2Fwp%2Fv2%2Fcomments&post=37544"}],"version-history":[{"count":1,"href":"https:\/\/zonaroja.com.mx\/index.php?rest_route=\/wp\/v2\/posts\/37544\/revisions"}],"predecessor-version":[{"id":37545,"href":"https:\/\/zonaroja.com.mx\/index.php?rest_route=\/wp\/v2\/posts\/37544\/revisions\/37545"}],"wp:featuredmedia":[{"embeddable":true,"href":"https:\/\/zonaroja.com.mx\/index.php?rest_route=\/wp\/v2\/media\/37536"}],"wp:attachment":[{"href":"https:\/\/zonaroja.com.mx\/index.php?rest_route=%2Fwp%2Fv2%2Fmedia&parent=37544"}],"wp:term":[{"taxonomy":"category","embeddable":true,"href":"https:\/\/zonaroja.com.mx\/index.php?rest_route=%2Fwp%2Fv2%2Fcategories&post=37544"},{"taxonomy":"post_tag","embeddable":true,"href":"https:\/\/zonaroja.com.mx\/index.php?rest_route=%2Fwp%2Fv2%2Ftags&post=37544"}],"curies":[{"name":"wp","href":"https:\/\/api.w.org\/{rel}","templated":true}]}}