{"id":37546,"date":"2022-02-14T10:03:00","date_gmt":"2022-02-14T16:03:00","guid":{"rendered":"http:\/\/www.zonaroja.com.mx\/?p=37546"},"modified":"2022-02-13T20:06:14","modified_gmt":"2022-02-14T02:06:14","slug":"irene-resistecia-ayuujk-comic-en-honor-a-lucha-de-la-defensora-fallecida","status":"publish","type":"post","link":"https:\/\/zonaroja.com.mx\/?p=37546","title":{"rendered":"\u201cIrene: Resistecia Ayuujk\u201d, c\u00f3mic en honor a lucha de la defensora fallecida"},"content":{"rendered":"\n<p>Yuridiana Sosa\/Zona Roja.<\/p>\n\n\n\n<p>Oaxaca de Ju\u00e1rez, Oax., 14 de febrero de 2022.- Irene Hern\u00e1ndez, defensora de su comunidad en San Pedro y San Pablo Ayutla Mixe, de mujeres, el agua y el territorio, dej\u00f3 huella entre las nuevas generaciones.<\/p>\n\n\n\n<p>Su legado prevalece y se reinventa a trav\u00e9s de mentes creativas que desean que las batallas que Irene enfrent\u00f3 sea un antecedente, sobre todo en las mujeres, a las que siempre alent\u00f3 a ser independientes y vivir sin violencia de g\u00e9nero.<\/p>\n\n\n\n<p>Por eso, las j\u00f3venes Ana Karenina y Lizbeth Hern\u00e1ndez crearon el c\u00f3mic \u201cIrene: Resistencia Ayuujk\u201d, como forma de homenaje p\u00f3stumo, mismo que fue presentado a inicios de este mes y ya se encuentra disponible para descargar.<\/p>\n\n\n\n<p>Irene Hern\u00e1ndez falleci\u00f3 en abril de 2021, fue maestra de profesi\u00f3n y la primera mujer presidenta electa en su comunidad en el a\u00f1o 2007, por medio del r\u00e9gimen de Sistemas Normativos Internos.<\/p>\n\n\n\n<p>En 2017 se uni\u00f3 a la exigencia del agua para su comunidad tras un conflicto entre Ayutla y Tamazulapan del Esp\u00edritu Santo y tras lo cual tambi\u00e9n organiz\u00f3 al Colectivo de Mujeres de Ayutla.<\/p>\n\n\n\n<p>En el c\u00f3mic aparece el presidente Andr\u00e9s Manuel L\u00f3pez Obrador, quien en el trayecto de la lucha que vivi\u00f3 Irene Hern\u00e1ndez por la defensa del agua, orden\u00f3 la soluci\u00f3n del problema en Ayutla Mixe.<\/p>\n\n\n\n<p>EL C\u00d3MIC<\/p>\n\n\n\n<p>El trabajo se desarroll\u00f3 como parte de \u201cMovimiento y Momentos\u201d, generaciones Feministas, una iniciativa del Goethe-Institut, (Instituto Cultural de la Rep\u00fablica Federal de Alemania).<\/p>\n\n\n\n<p>El proyecto tiene como objetivo visibilizar a activistas feministas ind\u00edgenas y a protagonistas del Sur Global al relatar sus historias de vida en el formato altamente accesible de los c\u00f3mics.<\/p>\n\n\n\n<p>En la historia, de 29 hojas, recordaron momentos hist\u00f3ricos ante la muerte de Irene, pues nunca se hab\u00eda&nbsp; visto en Ayutla que&nbsp; s\u00f3lo mujeres cargaran un f\u00e9retro, como lo hicieron con el de la maestra.<\/p>\n\n\n\n<p>El c\u00f3mic te gu\u00eda por la comunidad, de lo habitual hasta la lucha en la que aparece el presidente de M\u00e9xico.<\/p>\n\n\n\n<p>\u201cVoy a instruir al gobernador de Oaxaca para que arregle esta situaci\u00f3n. Dijo en 2019 durante una gira del Presidente de M\u00e9xico a la regi\u00f3n, se comprometi\u00f3 a resolver la problem\u00e1tica\u201d, se lee en el entretenido trabajo.<\/p>\n\n\n\n<p>Las j\u00f3venes plasmaron que desde esa fecha \u201chan sido 4 a\u00f1os de la promesa del presidente. Ayutla contin\u00faa sin acceso al agua potable\u201d, as\u00ed como expresaron que el gobierno estatal tambi\u00e9n ha manifestado que la comunidad miente respecto al no cumplimiento.<\/p>\n\n\n\n<p>En este proyecto se cont\u00f3 con la participaci\u00f3n de la ling\u00fcista, escritora y activista, Y\u00e1snaya Elena Aguilar Gil, para la revisi\u00f3n del c\u00f3mic.<\/p>\n","protected":false},"excerpt":{"rendered":"<p>Yuridiana Sosa\/Zona Roja. Oaxaca de Ju\u00e1rez, Oax., 14 de febrero de 2022.- Irene Hern\u00e1ndez, defensora&hellip;<\/p>\n","protected":false},"author":2,"featured_media":37547,"comment_status":"closed","ping_status":"open","sticky":false,"template":"","format":"standard","meta":{"_lmt_disableupdate":"","_lmt_disable":"","_jetpack_memberships_contains_paid_content":false,"footnotes":""},"categories":[109,46],"tags":[501],"class_list":["post-37546","post","type-post","status-publish","format-standard","has-post-thumbnail","hentry","category-minuto-a-minuto","category-zona-blanca","tag-san-pedro-y-san-pablo-ayutla-mixe"],"jetpack_featured_media_url":"https:\/\/zonaroja.com.mx\/wp-content\/uploads\/2022\/02\/Irene-Resistencia-Ayuujk.jpg","jetpack_sharing_enabled":true,"_links":{"self":[{"href":"https:\/\/zonaroja.com.mx\/index.php?rest_route=\/wp\/v2\/posts\/37546","targetHints":{"allow":["GET"]}}],"collection":[{"href":"https:\/\/zonaroja.com.mx\/index.php?rest_route=\/wp\/v2\/posts"}],"about":[{"href":"https:\/\/zonaroja.com.mx\/index.php?rest_route=\/wp\/v2\/types\/post"}],"author":[{"embeddable":true,"href":"https:\/\/zonaroja.com.mx\/index.php?rest_route=\/wp\/v2\/users\/2"}],"replies":[{"embeddable":true,"href":"https:\/\/zonaroja.com.mx\/index.php?rest_route=%2Fwp%2Fv2%2Fcomments&post=37546"}],"version-history":[{"count":2,"href":"https:\/\/zonaroja.com.mx\/index.php?rest_route=\/wp\/v2\/posts\/37546\/revisions"}],"predecessor-version":[{"id":37566,"href":"https:\/\/zonaroja.com.mx\/index.php?rest_route=\/wp\/v2\/posts\/37546\/revisions\/37566"}],"wp:featuredmedia":[{"embeddable":true,"href":"https:\/\/zonaroja.com.mx\/index.php?rest_route=\/wp\/v2\/media\/37547"}],"wp:attachment":[{"href":"https:\/\/zonaroja.com.mx\/index.php?rest_route=%2Fwp%2Fv2%2Fmedia&parent=37546"}],"wp:term":[{"taxonomy":"category","embeddable":true,"href":"https:\/\/zonaroja.com.mx\/index.php?rest_route=%2Fwp%2Fv2%2Fcategories&post=37546"},{"taxonomy":"post_tag","embeddable":true,"href":"https:\/\/zonaroja.com.mx\/index.php?rest_route=%2Fwp%2Fv2%2Ftags&post=37546"}],"curies":[{"name":"wp","href":"https:\/\/api.w.org\/{rel}","templated":true}]}}