{"id":37549,"date":"2022-02-13T15:07:38","date_gmt":"2022-02-13T21:07:38","guid":{"rendered":"http:\/\/www.zonaroja.com.mx\/?p=37549"},"modified":"2022-02-13T15:07:40","modified_gmt":"2022-02-13T21:07:40","slug":"realizan-en-oaxaca-carrera-ciclista-por-la-reforma-electrica","status":"publish","type":"post","link":"https:\/\/zonaroja.com.mx\/?p=37549","title":{"rendered":"Realizan en Oaxaca carrera ciclista por la reforma el\u00e9ctrica"},"content":{"rendered":"\n<p>Redacci\u00f3n\/Zona Roja.<\/p>\n\n\n\n<p>Oaxaca de Ju\u00e1rez, Oax., 13 de febrero de 2021.- Con gran \u00e9xito se llev\u00f3 a cabo la carrera ciclista denominada \u201cRescatemos la Soberan\u00eda Nacional\u201d, organizada por el diputado local por el distrito 16, con cabecera en Zimatl\u00e1n de \u00c1lvarez, Horacio Sosa Villavicencio.<\/p>\n\n\n\n<p>La justa deportiva en la que participaron 200 ciclistas, tuvo un recorrido de 48 kil\u00f3metros, que dio inicio en San Agust\u00edn de las Juntas, y concluy\u00f3 sin incidentes en el municipio Ocotl\u00e1n de Morelos.<\/p>\n\n\n\n<p>En entrevista, el diputado morenista manifest\u00f3 su agradecimiento a las y los oaxaque\u00f1os que se dieron cita para participar en esta carrera ciclista, porque dijo, hoy m\u00e1s que nunca se deben impulsar las actividades deportivas que contribuyan a la salud de la ciudadan\u00eda.<\/p>\n\n\n\n<p>Sosa Villavicencio indic\u00f3 que, con esta actividad, no solo se fomenta el deporte, adem\u00e1s se env\u00eda un mensaje claro a la naci\u00f3n, que, en Oaxaca, las personas deportistas apoyan la iniciativa de Reforma El\u00e9ctrica, impulsada en el pa\u00eds.<\/p>\n\n\n\n<p>\u201c\u00a1Vamos por la recuperaci\u00f3n de nuestra soberan\u00eda nacional, no m\u00e1s cobros injustos al pueblo! expres\u00f3 el legislador.<\/p>\n\n\n\n<p>Al t\u00e9rmino de la carrera se premi\u00f3 a las y los ganadores de las diferentes categor\u00edas con una bolsa de 30 mil pesos. En la categor\u00eda femenil principiante, el primer lugar fue para: Ivet Yanira Mart\u00ednez, el segundo lugar para Soledad M\u00e9ndez y el tercer lugar lo ocup\u00f3 Olga Ver\u00f3nica M\u00e9ndez.<\/p>\n\n\n\n<p>En la categor\u00eda varonil principiante, result\u00f3 ganador en primer lugar, Francisco C\u00f3rdoba, en segundo lugar, Gilberto Zavaleta, y, en tercer lugar, Gael Campos Amador.<\/p>\n\n\n\n<p>En la categor\u00eda \u201cElite Varonil\u201d result\u00f3 ganador Jonathan Reyes, en segundo lugar, H\u00e9ctor Campo y, en tercer lugar, Oscar Guzm\u00e1n.<\/p>\n\n\n\n<p>En la categor\u00eda \u201cElite Femenil\u201d el primer lugar lo obtuvo: Ira\u00eds de Jes\u00fas Antonio, el segundo lugar para: Andrea Gretel Aguilar y el tercer lugar para Jimena L\u00f3pez G\u00f3mez.<\/p>\n\n\n\n<p>En la categor\u00eda de \u201cM\u00e1ster 50\u201d el primer lugar lo obtuvo C\u00e9sar Mayoral Garc\u00eda, el segundo lugar, Enrique Contreras y el tercer lugar, Rodolfo Garc\u00eda. Mientras que en la categor\u00eda \u201cM\u00e1ster 30\u201d result\u00f3 triunfador: Rubiel Ram\u00edrez, el segundo lugar lo obtuvo, Mois\u00e9s Hern\u00e1ndez, el tercer lugar, Daniel S\u00e1nchez P\u00e9rez.<\/p>\n\n\n\n<p>En la categor\u00eda \u201cM\u00e1ster 40\u201d el primer lugar fue para Omar Coache, el segundo lugar lo obtuvo Marvin Ram\u00edrez, y el tercer lugar fue obtenido por Francisco Cuevas.<\/p>\n\n\n\n<p>Resulta importante mencionar que la carrera \u201cRescatemos la Soberan\u00eda Nacional\u201d, cont\u00f3 con todas las medidas de salubridad para evitar la propagaci\u00f3n de contagios por Covid-19.<\/p>\n","protected":false},"excerpt":{"rendered":"<p>Redacci\u00f3n\/Zona Roja. Oaxaca de Ju\u00e1rez, Oax., 13 de febrero de 2021.- Con gran \u00e9xito se&hellip;<\/p>\n","protected":false},"author":2,"featured_media":37550,"comment_status":"closed","ping_status":"open","sticky":false,"template":"","format":"standard","meta":{"_lmt_disableupdate":"","_lmt_disable":"","_jetpack_memberships_contains_paid_content":false,"footnotes":""},"categories":[109,46],"tags":[444],"class_list":["post-37549","post","type-post","status-publish","format-standard","has-post-thumbnail","hentry","category-minuto-a-minuto","category-zona-blanca","tag-horacio-sosa-villavicencio"],"jetpack_featured_media_url":"https:\/\/zonaroja.com.mx\/wp-content\/uploads\/2022\/02\/Carrera-ciclista-reforma-Horacio-Sosa.jpeg","jetpack_sharing_enabled":true,"_links":{"self":[{"href":"https:\/\/zonaroja.com.mx\/index.php?rest_route=\/wp\/v2\/posts\/37549","targetHints":{"allow":["GET"]}}],"collection":[{"href":"https:\/\/zonaroja.com.mx\/index.php?rest_route=\/wp\/v2\/posts"}],"about":[{"href":"https:\/\/zonaroja.com.mx\/index.php?rest_route=\/wp\/v2\/types\/post"}],"author":[{"embeddable":true,"href":"https:\/\/zonaroja.com.mx\/index.php?rest_route=\/wp\/v2\/users\/2"}],"replies":[{"embeddable":true,"href":"https:\/\/zonaroja.com.mx\/index.php?rest_route=%2Fwp%2Fv2%2Fcomments&post=37549"}],"version-history":[{"count":1,"href":"https:\/\/zonaroja.com.mx\/index.php?rest_route=\/wp\/v2\/posts\/37549\/revisions"}],"predecessor-version":[{"id":37552,"href":"https:\/\/zonaroja.com.mx\/index.php?rest_route=\/wp\/v2\/posts\/37549\/revisions\/37552"}],"wp:featuredmedia":[{"embeddable":true,"href":"https:\/\/zonaroja.com.mx\/index.php?rest_route=\/wp\/v2\/media\/37550"}],"wp:attachment":[{"href":"https:\/\/zonaroja.com.mx\/index.php?rest_route=%2Fwp%2Fv2%2Fmedia&parent=37549"}],"wp:term":[{"taxonomy":"category","embeddable":true,"href":"https:\/\/zonaroja.com.mx\/index.php?rest_route=%2Fwp%2Fv2%2Fcategories&post=37549"},{"taxonomy":"post_tag","embeddable":true,"href":"https:\/\/zonaroja.com.mx\/index.php?rest_route=%2Fwp%2Fv2%2Ftags&post=37549"}],"curies":[{"name":"wp","href":"https:\/\/api.w.org\/{rel}","templated":true}]}}