{"id":37553,"date":"2022-02-13T15:12:03","date_gmt":"2022-02-13T21:12:03","guid":{"rendered":"http:\/\/www.zonaroja.com.mx\/?p=37553"},"modified":"2022-02-13T15:12:06","modified_gmt":"2022-02-13T21:12:06","slug":"convocan-al-foro-estatal-de-movilidad-retos-de-la-zona-metropolitana-de-oaxaca","status":"publish","type":"post","link":"https:\/\/zonaroja.com.mx\/?p=37553","title":{"rendered":"Convocan al foro estatal de movilidad \u201cRetos de la Zona Metropolitana de Oaxaca\u201d"},"content":{"rendered":"\n<p>Redacci\u00f3n\/Zona Roja.<\/p>\n\n\n\n<p>Oaxaca de Ju\u00e1rez, Oax., 13 de febrero de 2022.- Colectivos ciclistas, Vixi Escuela, Oaxaca por la Movilidad, Gaby Bici blanca, Insolente Oaxaca, EnBiciando y Fridas en Bici, as\u00ed como la Secretar\u00eda de Movilidad (Semovi), invitan al primer foro estatal de movilidad sustentable \u201cRetos de la Zona Metropolitana de Oaxaca\u201d.<\/p>\n\n\n\n<p>Este encuentro, que se llevar\u00e1 a cabo el pr\u00f3ximo 19 de febrero, en el Foro Panor\u00e1mico del Centro Cultural y de Convenciones de Oaxaca (CCCO), busca fomentar espacios de aprendizaje en materia de movilidad sustentable.<\/p>\n\n\n\n<p>El foro ser\u00e1 moderado por el periodista especialista en movilidad de \u201cMilenio\u201d, H\u00e9ctor Zamarr\u00f3n; as\u00ed como cuatro panelistas expertos en la materia, provenientes de diferentes ciudades del pa\u00eds: la directora de Movilidad, de la Secretar\u00eda de Desarrollo, Agrario, Territorial y Urbano (Sedatu), Roxana Montealegre Salvador; la directora general de Seguridad Vial y Sistemas de Movilidad, de la Ciudad de M\u00e9xico, Fernanda Rivera Flores.<\/p>\n\n\n\n<p>Adem\u00e1s, el director de Movilidad del Ayuntamiento de Guadalajara, Jes\u00fas Carlos Soto Morfin y la coordinadora de proyectos de movilidad del Instituto de Movilidad Urbana y Territorial del Gobierno del Estado de Yucat\u00e1n, Ana Luisa Alducin.<\/p>\n\n\n\n<p>Los exponentes abordaran temas como: la importancia del uso de la bici como modo de transporte, la infraestructura ciclista en el contexto de la pandemia y de la emergencia por el cambio clim\u00e1tico, as\u00ed como los retos de la implementaci\u00f3n de la infraestructura ciclista en distintas ciudades en M\u00e9xico.<\/p>\n\n\n\n<p>Este espacio est\u00e1 destinado para el aprendizaje en el tema de movilidad sustentable, orientado a los beneficios del uso de la bicicleta como transporte alternativo, por lo que la entrada es libre y gratuita.&nbsp; Asimismo, se invita a la poblaci\u00f3n en general y a estudiantes de las diferentes facultades de arquitectura interesados en este tema.<\/p>\n","protected":false},"excerpt":{"rendered":"<p>Redacci\u00f3n\/Zona Roja. Oaxaca de Ju\u00e1rez, Oax., 13 de febrero de 2022.- Colectivos ciclistas, Vixi Escuela,&hellip;<\/p>\n","protected":false},"author":2,"featured_media":37551,"comment_status":"closed","ping_status":"open","sticky":false,"template":"","format":"standard","meta":{"_lmt_disableupdate":"","_lmt_disable":"","_jetpack_memberships_contains_paid_content":false,"footnotes":""},"categories":[109,46],"tags":[2484],"class_list":["post-37553","post","type-post","status-publish","format-standard","has-post-thumbnail","hentry","category-minuto-a-minuto","category-zona-blanca","tag-secretaria-de-movilidad-semovi"],"jetpack_featured_media_url":"https:\/\/zonaroja.com.mx\/wp-content\/uploads\/2022\/02\/Ciclismo-ciclistas-ciclovias-Oaxaca.jpg","jetpack_sharing_enabled":true,"_links":{"self":[{"href":"https:\/\/zonaroja.com.mx\/index.php?rest_route=\/wp\/v2\/posts\/37553","targetHints":{"allow":["GET"]}}],"collection":[{"href":"https:\/\/zonaroja.com.mx\/index.php?rest_route=\/wp\/v2\/posts"}],"about":[{"href":"https:\/\/zonaroja.com.mx\/index.php?rest_route=\/wp\/v2\/types\/post"}],"author":[{"embeddable":true,"href":"https:\/\/zonaroja.com.mx\/index.php?rest_route=\/wp\/v2\/users\/2"}],"replies":[{"embeddable":true,"href":"https:\/\/zonaroja.com.mx\/index.php?rest_route=%2Fwp%2Fv2%2Fcomments&post=37553"}],"version-history":[{"count":1,"href":"https:\/\/zonaroja.com.mx\/index.php?rest_route=\/wp\/v2\/posts\/37553\/revisions"}],"predecessor-version":[{"id":37554,"href":"https:\/\/zonaroja.com.mx\/index.php?rest_route=\/wp\/v2\/posts\/37553\/revisions\/37554"}],"wp:featuredmedia":[{"embeddable":true,"href":"https:\/\/zonaroja.com.mx\/index.php?rest_route=\/wp\/v2\/media\/37551"}],"wp:attachment":[{"href":"https:\/\/zonaroja.com.mx\/index.php?rest_route=%2Fwp%2Fv2%2Fmedia&parent=37553"}],"wp:term":[{"taxonomy":"category","embeddable":true,"href":"https:\/\/zonaroja.com.mx\/index.php?rest_route=%2Fwp%2Fv2%2Fcategories&post=37553"},{"taxonomy":"post_tag","embeddable":true,"href":"https:\/\/zonaroja.com.mx\/index.php?rest_route=%2Fwp%2Fv2%2Ftags&post=37553"}],"curies":[{"name":"wp","href":"https:\/\/api.w.org\/{rel}","templated":true}]}}