{"id":37559,"date":"2022-02-13T16:23:58","date_gmt":"2022-02-13T22:23:58","guid":{"rendered":"https:\/\/www.zonaroja.com.mx\/?p=37559"},"modified":"2022-02-13T16:28:14","modified_gmt":"2022-02-13T22:28:14","slug":"declara-el-ieepco-inicio-de-proceso-electoral-extraordinario-en-mitla-y-xoxocotlan","status":"publish","type":"post","link":"https:\/\/zonaroja.com.mx\/?p=37559","title":{"rendered":"Declara el IEEPCO inicio de Proceso Electoral Extraordinario en Mitla y Xoxocotl\u00e1n"},"content":{"rendered":"\n<p>Redacci\u00f3n\/Zona Roja.<\/p>\n\n\n\n<p>Oaxaca de Ju\u00e1rez, Oax., 13 de febrero de 2022.- La consejera presidenta del Instituto Estatal Electoral y de Participaci\u00f3n Ciudadana de Oaxaca (IEEPCO), Elizabeth S\u00e1nchez Gonz\u00e1lez, realiz\u00f3 la declaratoria formal de inicio del Proceso Electoral Extraordinario 2022 en los municipios de Santa Cruz Xoxocotl\u00e1n y San Pablo Villa de Mitla.&nbsp;&nbsp;&nbsp;<\/p>\n\n\n\n<p>Lo anterior en Sesi\u00f3n Extraordinaria Urgente donde las y los integrantes del Consejo General del Instituto aprobaron tambi\u00e9n el calendario para las Elecciones Extraordinarias y la publicaci\u00f3n de las convocatorias para los Partidos Pol\u00edticos, Candidaturas Independientes y Candidaturas Independientes Ind\u00edgenas y\/o Afromexicanas.&nbsp;&nbsp;&nbsp;<\/p>\n\n\n\n<p>Fue en punto&nbsp;de las 13 horas&nbsp;con 44 minutos que, S\u00e1nchez Gonz\u00e1lez, en ejercicio de sus atribuciones como Consejera Presidenta del \u00f3rgano electoral local, realiz\u00f3 la declaratoria del Proceso Electoral Extraordinario 2022 en los dos municipios ubicados en la regi\u00f3n de Valles Centrales.&nbsp;&nbsp;&nbsp;&nbsp;<\/p>\n\n\n\n<p>Mientras que, mediante el acuerdo IEEPCO-CG-29\/2022 y en conjunto con las consejeras electorales, Carmelita Sibaja Ochoa, Jessica Jazibe Hern\u00e1ndez Garc\u00eda, Nayma Enr\u00edquez Estrada y Zaira Alhel\u00ed Hip\u00f3lito L\u00f3pez, as\u00ed como los consejeros electorales, Alejandro Carrasco Sampedro y Wilfrido Lulio Almaraz Santib\u00e1\u00f1ez, aprobaron por unanimidad el calendario de actividades para las elecciones extraordinarias en los Municipios de San Pablo Villa de Mitla y Santa Cruz Xoxocotl\u00e1n para el Proceso Electoral Local Extraordinario 2022.&nbsp;&nbsp;&nbsp;<\/p>\n\n\n\n<p>El mismo refiere que la jornada electoral se llevar\u00e1 a cabo&nbsp;el 27 de marzo&nbsp;y se empata con las ya en curso en los municipios de Santa Mar\u00eda Mixtequilla, Reforma de Pineda, Santa Mar\u00eda Xadani, Santiago Laollaga y Chahuites; as\u00ed como la diputaci\u00f3n de Mayor\u00eda Relativa en el Distrito Electoral 01 de Acatl\u00e1n de P\u00e9rez Figueroa.&nbsp;&nbsp;&nbsp;<\/p>\n\n\n\n<p>Al respecto, los representantes de los partidos Morena, Movimiento Ciudadano y Revolucionario Institucional, Geovany V\u00e1squez Sagrero, Alberto Sosa Hern\u00e1ndez y Othoniel Melchor Pe\u00f1a Montor, respectivamente, coincidieron en que las resoluciones del Tribunal Electoral del Poder Judicial de la Federaci\u00f3n, tanto en la Sala Xalapa como en la Sala Superior, que obliga a la realizaci\u00f3n de las elecciones en dichos municipios, podr\u00eda estar violando los derechos de los partidos pol\u00edticos, debido a la imposici\u00f3n de plazos limitados.  <\/p>\n\n\n\n<figure class=\"wp-block-embed\"><div class=\"wp-block-embed__wrapper\">\n<div class=\"twitter-tweet\"><blockquote class=\"twitter-tweet\" data-lang=\"es\"><p lang=\"es\" dir=\"ltr\">ZONA ROJA.<a href=\"https:\/\/twitter.com\/hashtag\/%C3%9AltimoMinuto?src=hash&amp;ref_src=twsrc%5Etfw\">#\u00daltimoMinuto<\/a> <br>Por unanimidad, el Consejo General del <a href=\"https:\/\/twitter.com\/IEEPCO?ref_src=twsrc%5Etfw\">@IEEPCO<\/a> aprob\u00f3 hoy en sesi\u00f3n extraordinaria, la realizaci\u00f3n de <a href=\"https:\/\/twitter.com\/hashtag\/elecciones?src=hash&amp;ref_src=twsrc%5Etfw\">#elecciones<\/a> extraordinarias de concejales en los municipios de Santa Cruz <a href=\"https:\/\/twitter.com\/hashtag\/Xoxocotl%C3%A1n?src=hash&amp;ref_src=twsrc%5Etfw\">#Xoxocotl\u00e1n<\/a> y Villa de <a href=\"https:\/\/twitter.com\/hashtag\/Mitla?src=hash&amp;ref_src=twsrc%5Etfw\">#Mitla<\/a>. <a href=\"https:\/\/t.co\/zxyKyVEiSr\">pic.twitter.com\/zxyKyVEiSr<\/a><\/p>&mdash; Garc\u00eda Morales I. (@May_Garcia_M) <a href=\"https:\/\/twitter.com\/May_Garcia_M\/status\/1492962104852291584?ref_src=twsrc%5Etfw\">13 de febrero de 2022<\/a><\/blockquote><\/div>\n<\/div><\/figure>\n\n\n\n<p>As\u00ed mismo, se\u00f1alaron la complicaci\u00f3n del acceso de la ciudadan\u00eda a las candidaturas independientes y candidaturas independientes ind\u00edgenas y afromexicanas, as\u00ed como la dificultad de la participaci\u00f3n por parte de la poblaci\u00f3n para elegir a sus representantes, reduciendo as\u00ed la calidad de las elecciones.&nbsp;&nbsp;&nbsp;<\/p>\n\n\n\n<p>Mientras que, la consejera electoral, Jessica Jazibe Hern\u00e1ndez Garc\u00eda, hizo un reconocimiento p\u00fablico al personal t\u00e9cnico y operativo del Instituto, particularmente al \u00e1rea ejecutiva y las direcciones y unidades que de ella dependen, toda vez que ha trabajado a marchas forzadas para contar con el calendario aprobado. &nbsp;<\/p>\n\n\n\n<p>Por su parte, la consejera presidenta del IEEPCO, Elizabeth S\u00e1nchez Gonz\u00e1lez, asegur\u00f3 que el Instituto cumplir\u00e1 las resoluciones del TEPJF en tiempo y forma sin vulnerar los derechos pol\u00edticos de la poblaci\u00f3n oaxaque\u00f1a; adem\u00e1s, se\u00f1al\u00f3 que el \u00f3rgano electoral har\u00e1 todo lo que est\u00e9 en sus manos para que la ciudadan\u00eda sepa que habr\u00e1 elecciones extraordinarias al pr\u00f3ximo&nbsp;27 de marzo. &nbsp;<\/p>\n\n\n\n<p>\u201cEl Instituto cumplir\u00e1 el mandato judicial, hemos tratado de adecuar el calendario con la finalidad que no se vulneren los derechos pol\u00edticos electorales y que la ciudadan\u00eda tambi\u00e9n ejerza su derecho de elegir a sus representantes\u201d, sentenci\u00f3.&nbsp;&nbsp;&nbsp;<\/p>\n\n\n\n<p>Finalmente, y en cumplimiento de la sentencia SUP-REC-2136\/2021, INCIDENTE-1, E INCIDENTE-4 SX-JDC-1338\/2021, derivadas del Proceso Electoral Ordinario 2020-2021, el Consejo General aprob\u00f3 la convocatoria a los partidos pol\u00edticos, candidaturas independientes, as\u00ed como candidaturas independientes ind\u00edgenas y\/o afromexicanas para la elecci\u00f3n extraordinaria de concejal\u00edas en los municipios citados. <\/p>\n","protected":false},"excerpt":{"rendered":"<p>Redacci\u00f3n\/Zona Roja. Oaxaca de Ju\u00e1rez, Oax., 13 de febrero de 2022.- La consejera presidenta del&hellip;<\/p>\n","protected":false},"author":2,"featured_media":37558,"comment_status":"closed","ping_status":"open","sticky":false,"template":"","format":"standard","meta":{"_lmt_disableupdate":"","_lmt_disable":"","_jetpack_memberships_contains_paid_content":false,"footnotes":""},"categories":[109,46],"tags":[],"class_list":["post-37559","post","type-post","status-publish","format-standard","has-post-thumbnail","hentry","category-minuto-a-minuto","category-zona-blanca"],"jetpack_featured_media_url":"https:\/\/zonaroja.com.mx\/wp-content\/uploads\/2022\/02\/b64e2a3b-221d-4c8d-9119-3c6cfc881826.jpg","jetpack_sharing_enabled":true,"_links":{"self":[{"href":"https:\/\/zonaroja.com.mx\/index.php?rest_route=\/wp\/v2\/posts\/37559","targetHints":{"allow":["GET"]}}],"collection":[{"href":"https:\/\/zonaroja.com.mx\/index.php?rest_route=\/wp\/v2\/posts"}],"about":[{"href":"https:\/\/zonaroja.com.mx\/index.php?rest_route=\/wp\/v2\/types\/post"}],"author":[{"embeddable":true,"href":"https:\/\/zonaroja.com.mx\/index.php?rest_route=\/wp\/v2\/users\/2"}],"replies":[{"embeddable":true,"href":"https:\/\/zonaroja.com.mx\/index.php?rest_route=%2Fwp%2Fv2%2Fcomments&post=37559"}],"version-history":[{"count":1,"href":"https:\/\/zonaroja.com.mx\/index.php?rest_route=\/wp\/v2\/posts\/37559\/revisions"}],"predecessor-version":[{"id":37560,"href":"https:\/\/zonaroja.com.mx\/index.php?rest_route=\/wp\/v2\/posts\/37559\/revisions\/37560"}],"wp:featuredmedia":[{"embeddable":true,"href":"https:\/\/zonaroja.com.mx\/index.php?rest_route=\/wp\/v2\/media\/37558"}],"wp:attachment":[{"href":"https:\/\/zonaroja.com.mx\/index.php?rest_route=%2Fwp%2Fv2%2Fmedia&parent=37559"}],"wp:term":[{"taxonomy":"category","embeddable":true,"href":"https:\/\/zonaroja.com.mx\/index.php?rest_route=%2Fwp%2Fv2%2Fcategories&post=37559"},{"taxonomy":"post_tag","embeddable":true,"href":"https:\/\/zonaroja.com.mx\/index.php?rest_route=%2Fwp%2Fv2%2Ftags&post=37559"}],"curies":[{"name":"wp","href":"https:\/\/api.w.org\/{rel}","templated":true}]}}