{"id":37569,"date":"2022-02-13T21:06:56","date_gmt":"2022-02-14T03:06:56","guid":{"rendered":"http:\/\/www.zonaroja.com.mx\/?p=37569"},"modified":"2022-02-13T21:06:59","modified_gmt":"2022-02-14T03:06:59","slug":"confirma-fiscalia-dos-muertos-y-dos-heridos-por-ataque-armado-en-tapanatepec","status":"publish","type":"post","link":"https:\/\/zonaroja.com.mx\/?p=37569","title":{"rendered":"Confirma Fiscal\u00eda dos muertos y dos heridos por ataque armado en Tapanatepec"},"content":{"rendered":"\n<p>Ismael Garc\u00eda M.\/Zona Roja.<\/p>\n\n\n\n<p>Oaxaca de Ju\u00e1rez, Oax., 13 de febrero de 2022.- A dos personas fallecidas y dos m\u00e1s lesionadas ascendi\u00f3 el saldo de la agresi\u00f3n armada de esta tarde en San Pedro Tapanatepec, confirm\u00f3 la Fiscal\u00eda General del Estado de Oaxaca.<\/p>\n\n\n\n<p>En tanto, el edil Humberto L\u00f3pez Parrazales, que fue lesionado por disparo de arma de fuego, se encuentra delicado pero estable en un hospital de Juchit\u00e1n, junto con el otro herido.<\/p>\n\n\n\n<p>La instituci\u00f3n de procuraci\u00f3n de justicia abri\u00f3 la Carpeta de Investigaci\u00f3n 5910\/FIST\/Zanatepec\/2022, por los delitos de homicidio calificado y tentativa de homicidio, producto de un ataque armado suscitado en la carretera Panamerica, en la zona oriente del Istmo de Tehuantepec.<\/p>\n\n\n\n<p>\u201cEn atenci\u00f3n a este caso, la Fiscal\u00eda General despleg\u00f3 en el lugar de los hechos a su personal pericial, agentes del Ministerio P\u00fablico y elementos de la Agencia Estatal de Investigaciones, a fin de realizar las indagatorias correspondientes que permitan esclarecer este hecho a la brevedad\u201d, inform\u00f3 la instancia que encabeza Arturo Peimbert Calvo.<\/p>\n\n\n\n<p>L\u00f3pez Parrazales gan\u00f3 las elecciones municipales en junio pasado, impulsado por el Partido Morena, y en varias ocasiones fue acompa\u00f1ado en su campa\u00f1a pol\u00edtica por el hoy precandidato a la gubernatura de Oaxaca, Salom\u00f3n Jara Cruz.<\/p>\n\n\n\n<p>Hasta el momento s\u00f3lo una de las v\u00edctimas mortales ha sido identificada como Rangel L\u00f3pez Medrano.<\/p>\n\n\n\n<figure class=\"wp-block-embed is-type-rich is-provider-twitter wp-block-embed-twitter\"><div class=\"wp-block-embed__wrapper\">\n<div class=\"twitter-tweet\"><blockquote class=\"twitter-tweet\" data-lang=\"es\"><p lang=\"es\" dir=\"ltr\">En atenci\u00f3n a este caso, la <a href=\"https:\/\/twitter.com\/hashtag\/FGEO?src=hash&amp;ref_src=twsrc%5Etfw\">#FGEO<\/a> despleg\u00f3 en el lugar de los hechos a su personal pericial, agentes del Ministerio P\u00fablico y elementos de la <a href=\"https:\/\/twitter.com\/AEI_Oaxaca?ref_src=twsrc%5Etfw\">@AEI_Oaxaca<\/a>, a fin de realizar las indagatorias correspondientes que permitan esclarecer este hecho a la brevedad. (3\/3)<\/p>&mdash; Fiscal\u00eda General (@FISCALIA_GobOax) <a href=\"https:\/\/twitter.com\/FISCALIA_GobOax\/status\/1493056135749849089?ref_src=twsrc%5Etfw\">14 de febrero de 2022<\/a><\/blockquote><\/div>\n<\/div><\/figure>\n","protected":false},"excerpt":{"rendered":"<p>Ismael Garc\u00eda M.\/Zona Roja. Oaxaca de Ju\u00e1rez, Oax., 13 de febrero de 2022.- A dos&hellip;<\/p>\n","protected":false},"author":2,"featured_media":37570,"comment_status":"closed","ping_status":"open","sticky":false,"template":"","format":"standard","meta":{"_lmt_disableupdate":"","_lmt_disable":"","_jetpack_memberships_contains_paid_content":false,"footnotes":""},"categories":[109,51],"tags":[3030,206],"class_list":["post-37569","post","type-post","status-publish","format-standard","has-post-thumbnail","hentry","category-minuto-a-minuto","category-zona-roja","tag-humberto-lopez-barrazales","tag-san-pedro-tapanatepec"],"jetpack_featured_media_url":"https:\/\/zonaroja.com.mx\/wp-content\/uploads\/2022\/02\/Humberto-Parrazales-Tapanatepec.jpg","jetpack_sharing_enabled":true,"_links":{"self":[{"href":"https:\/\/zonaroja.com.mx\/index.php?rest_route=\/wp\/v2\/posts\/37569","targetHints":{"allow":["GET"]}}],"collection":[{"href":"https:\/\/zonaroja.com.mx\/index.php?rest_route=\/wp\/v2\/posts"}],"about":[{"href":"https:\/\/zonaroja.com.mx\/index.php?rest_route=\/wp\/v2\/types\/post"}],"author":[{"embeddable":true,"href":"https:\/\/zonaroja.com.mx\/index.php?rest_route=\/wp\/v2\/users\/2"}],"replies":[{"embeddable":true,"href":"https:\/\/zonaroja.com.mx\/index.php?rest_route=%2Fwp%2Fv2%2Fcomments&post=37569"}],"version-history":[{"count":1,"href":"https:\/\/zonaroja.com.mx\/index.php?rest_route=\/wp\/v2\/posts\/37569\/revisions"}],"predecessor-version":[{"id":37571,"href":"https:\/\/zonaroja.com.mx\/index.php?rest_route=\/wp\/v2\/posts\/37569\/revisions\/37571"}],"wp:featuredmedia":[{"embeddable":true,"href":"https:\/\/zonaroja.com.mx\/index.php?rest_route=\/wp\/v2\/media\/37570"}],"wp:attachment":[{"href":"https:\/\/zonaroja.com.mx\/index.php?rest_route=%2Fwp%2Fv2%2Fmedia&parent=37569"}],"wp:term":[{"taxonomy":"category","embeddable":true,"href":"https:\/\/zonaroja.com.mx\/index.php?rest_route=%2Fwp%2Fv2%2Fcategories&post=37569"},{"taxonomy":"post_tag","embeddable":true,"href":"https:\/\/zonaroja.com.mx\/index.php?rest_route=%2Fwp%2Fv2%2Ftags&post=37569"}],"curies":[{"name":"wp","href":"https:\/\/api.w.org\/{rel}","templated":true}]}}