{"id":37572,"date":"2022-02-14T11:29:00","date_gmt":"2022-02-14T17:29:00","guid":{"rendered":"http:\/\/www.zonaroja.com.mx\/?p=37572"},"modified":"2022-02-13T21:31:08","modified_gmt":"2022-02-14T03:31:08","slug":"continua-comercam-acciones-legales-ante-saqueo-de-hipocrates-nolasco","status":"publish","type":"post","link":"https:\/\/zonaroja.com.mx\/?p=37572","title":{"rendered":"Contin\u00faa Comercam acciones legales ante saqueo de Hip\u00f3crates Nolasco"},"content":{"rendered":"\n<p>Yuridiana Sosa\/Zona Roja.<\/p>\n\n\n\n<p>Oaxaca de Ju\u00e1rez, Oax., 14 de febrero de 2022.- El nuevo Consejo de Administraci\u00f3n del Consejo Mexicano Regulador de la Calidad del Mezcal (Comercam) sostiene que continuar\u00e1 los procesos legales e internos para encontrar justicia sobre el saqueo y mal uso de los recursos del organismo por parte de la administraci\u00f3n pasada que encabez\u00f3 Hip\u00f3crates Nolasco.<\/p>\n\n\n\n<p>El presidente de la Comercam, para el periodo 2022- 2024, Abelino Cohetero Villegas, se\u00f1al\u00f3 que presentaron al menos ocho denuncias ante la Fiscal\u00eda General de Oaxaca por robo a las oficinas y de intangibles, que realiz\u00f3 el pasado Consejo.<\/p>\n\n\n\n<p>Adem\u00e1s, existe una auditor\u00eda por mal uso de los recursos del Comercam durante el periodo de Hip\u00f3crates Nolasco, quien estuvo al frente durante nueve a\u00f1os.<\/p>\n\n\n\n<p>La exigencia de justicia es por parte de la asamblea de este Consejo en M\u00e9xico, por lo que la nueva administraci\u00f3n no escatimar\u00e1 en esfuerzos para esclarecer los actos, \u201cpues no vamos a permitir que por intereses de unos cuantos esto quede impune\u201d, manifest\u00f3 el presidente.<\/p>\n\n\n\n<p>El objetivo es recuperar lo que le pertenece a la Comercam, y devolverle a la asamblea la confianza para trabajar en equipo, con justicia, democracia e inclusi\u00f3n de todos los que pertenece a este sector.<\/p>\n\n\n\n<p>El pasado fin de semana en la Villa de Mitla, la organizaci\u00f3n present\u00f3 su programa de trabajo, nuevos hologramas, as\u00ed como un plan de trabajo, adem\u00e1s de entregar una flotilla de veh\u00edculos.<\/p>\n\n\n\n<p>Cohetero Villegas asever\u00f3 que el eje principal del consejo directivo del Comercam ser\u00e1 la transparencia y la rendici\u00f3n de cuentas.<\/p>\n","protected":false},"excerpt":{"rendered":"<p>Yuridiana Sosa\/Zona Roja. Oaxaca de Ju\u00e1rez, Oax., 14 de febrero de 2022.- El nuevo Consejo&hellip;<\/p>\n","protected":false},"author":2,"featured_media":37573,"comment_status":"closed","ping_status":"open","sticky":false,"template":"","format":"standard","meta":{"_lmt_disableupdate":"","_lmt_disable":"","_jetpack_memberships_contains_paid_content":false,"footnotes":""},"categories":[109,46],"tags":[2684],"class_list":["post-37572","post","type-post","status-publish","format-standard","has-post-thumbnail","hentry","category-minuto-a-minuto","category-zona-blanca","tag-abelino-cohetero-villegas"],"jetpack_featured_media_url":"https:\/\/zonaroja.com.mx\/wp-content\/uploads\/2022\/02\/Abelino-Cohetero-Villegas.jpg","jetpack_sharing_enabled":true,"_links":{"self":[{"href":"https:\/\/zonaroja.com.mx\/index.php?rest_route=\/wp\/v2\/posts\/37572","targetHints":{"allow":["GET"]}}],"collection":[{"href":"https:\/\/zonaroja.com.mx\/index.php?rest_route=\/wp\/v2\/posts"}],"about":[{"href":"https:\/\/zonaroja.com.mx\/index.php?rest_route=\/wp\/v2\/types\/post"}],"author":[{"embeddable":true,"href":"https:\/\/zonaroja.com.mx\/index.php?rest_route=\/wp\/v2\/users\/2"}],"replies":[{"embeddable":true,"href":"https:\/\/zonaroja.com.mx\/index.php?rest_route=%2Fwp%2Fv2%2Fcomments&post=37572"}],"version-history":[{"count":1,"href":"https:\/\/zonaroja.com.mx\/index.php?rest_route=\/wp\/v2\/posts\/37572\/revisions"}],"predecessor-version":[{"id":37574,"href":"https:\/\/zonaroja.com.mx\/index.php?rest_route=\/wp\/v2\/posts\/37572\/revisions\/37574"}],"wp:featuredmedia":[{"embeddable":true,"href":"https:\/\/zonaroja.com.mx\/index.php?rest_route=\/wp\/v2\/media\/37573"}],"wp:attachment":[{"href":"https:\/\/zonaroja.com.mx\/index.php?rest_route=%2Fwp%2Fv2%2Fmedia&parent=37572"}],"wp:term":[{"taxonomy":"category","embeddable":true,"href":"https:\/\/zonaroja.com.mx\/index.php?rest_route=%2Fwp%2Fv2%2Fcategories&post=37572"},{"taxonomy":"post_tag","embeddable":true,"href":"https:\/\/zonaroja.com.mx\/index.php?rest_route=%2Fwp%2Fv2%2Ftags&post=37572"}],"curies":[{"name":"wp","href":"https:\/\/api.w.org\/{rel}","templated":true}]}}