{"id":3758,"date":"2019-09-07T16:16:45","date_gmt":"2019-09-07T21:16:45","guid":{"rendered":"http:\/\/www.zonaroja.com.mx\/?p=3758"},"modified":"2019-09-07T16:16:47","modified_gmt":"2019-09-07T21:16:47","slug":"en-dos-anos-apenas-40-de-avance-en-reconstruccion-de-edificios-de-la-uabjo","status":"publish","type":"post","link":"https:\/\/zonaroja.com.mx\/?p=3758","title":{"rendered":"En dos a\u00f1os, apenas 40% de avance en reconstrucci\u00f3n de edificios de la UABJO"},"content":{"rendered":"\n<p>Redacci\u00f3n\/Zona\nRoja.<\/p>\n\n\n\n<p>Oaxaca de\nJu\u00e1rez, Oax., 7 de septiembre de 2019.- A dos a\u00f1os del sismo de magnitud 8.2,\nla reconstrucci\u00f3n en 38 unidades acad\u00e9micas da\u00f1adas en la UABJO, avanza de\nmanera lenta y de forma global registran un avance aproximado del 40 por\nciento.<\/p>\n\n\n\n<p>El rector de\nla Universidad Aut\u00f3noma \u201cBenito Ju\u00e1rez\u201d de Oaxaca, Eduardo Bautista Mart\u00ednez, inform\u00f3\nque los trabajos y los recursos financieros dependen de manera directa del\ngobierno federal y del estatal.<\/p>\n\n\n\n<p>Si bien\nreconoci\u00f3 que algunos edificios llevan una avance considerable, en otros m\u00e1s no\nes as\u00ed, por lo que destac\u00f3 la necesidad de redoblar esfuerzos por parte de las\nautoridades estatales, encabezadas por el gobernador del estado, Alejandro\nMurat Hinojosa, quienes se han comprometido recientemente&nbsp; a retomar y organizar los trabajos de\nreconstrucci\u00f3n.<\/p>\n\n\n\n<p>\u00abEs necesario redoblar los esfuerzos para consolidar la reconstrucci\u00f3n, queremos saber cu\u00e1les son las metas y los alcances en el trabajo de las autoridades estatales, as\u00ed como los l\u00edmites para saber qu\u00e9 gestiones se tienen que volver a retomar\u00bb, dijo.\u00a0 <\/p>\n\n\n\n<figure class=\"wp-block-embed-twitter wp-block-embed is-type-rich is-provider-twitter\"><div class=\"wp-block-embed__wrapper\">\n<div class=\"twitter-tweet\"><blockquote class=\"twitter-tweet\" data-lang=\"es\"><p lang=\"es\" dir=\"ltr\"><a href=\"https:\/\/twitter.com\/hashtag\/OaxacaGris?src=hash&amp;ref_src=twsrc%5Etfw\">#OaxacaGris<\/a><br>Dos a\u00f1os del sismo. Dos a\u00f1os de olvido. <br>Diversas instalaciones de la <a href=\"https:\/\/twitter.com\/UABJO?ref_src=twsrc%5Etfw\">@UABJO<\/a> tambi\u00e9n fueron afectadas el 7 de septiembre de 2017. \u00bfHay atenci\u00f3n? \u00bfHay avances? As\u00ed lo explica el rector <a href=\"https:\/\/twitter.com\/Bautistaeduardo?ref_src=twsrc%5Etfw\">@Bautistaeduardo<\/a>: <a href=\"https:\/\/t.co\/u1EG5vfLTA\">pic.twitter.com\/u1EG5vfLTA<\/a><\/p>&mdash; Zona Roja Oaxaca (@MexRoja) <a href=\"https:\/\/twitter.com\/MexRoja\/status\/1170405443958689793?ref_src=twsrc%5Etfw\">7 de septiembre de 2019<\/a><\/blockquote><\/div>\n<\/div><\/figure>\n\n\n\n<p>De acuerdo\ncon Bautista Mart\u00ednez, de las 38 unidades afectadas, los m\u00e1s rezagados son la\nPreparatoria n\u00famero 1 y la Preparatoria n\u00famero 4 de Tehuantepec; las facultades\nde Odontolog\u00eda y de Arquitectura, as\u00ed como el edificio administrativo central\nde Rector\u00eda, cuyo da\u00f1os han propiciado que las actividades administrativas se\nhayan visto mermadas en m\u00e1s de una ocasi\u00f3n.<\/p>\n\n\n\n<p>As\u00ed mismo,\ndetall\u00f3 que un aproximado de 2 mil estudiante se encuentran a\u00fan tomando clases\nen aulas provisionales, para lo cual han erogado un recursos de 100 millones de\npesos y que tendr\u00eda que solucionarse a la brevedad, debido a que no son las\ncondiciones id\u00f3neas para ofrecer el servicio educativo a las y los j\u00f3venes.<\/p>\n\n\n\n<p>El rector\ninform\u00f3 que tras los sismos, los da\u00f1os fueron calculados por 240 millones de\npesos, recurso que en 50 por ciento seria asignado por el Fondo de Desastres\nNaturales (Fonden) y el resto con el Banco Nacional de Obras (Banobras), en\nconjunto con el gobierno del estado.<\/p>\n\n\n\n<p>La autoridad\nde la m\u00e1xima casa de estudios se pronunci\u00f3 a favor de las auditor\u00edas en tiempo\ny forma de los recursos p\u00fablicos que han sido designados para la reconstrucci\u00f3n\nen la entidad oaxaque\u00f1a, a fin de conocer la aplicaci\u00f3n del mismo y sancionar\nen caso de ser necesario a quienes impidieron que llegar\u00e1 a donde estaba\ndestinado.&nbsp; <\/p>\n","protected":false},"excerpt":{"rendered":"<p>Redacci\u00f3n\/Zona Roja. Oaxaca de Ju\u00e1rez, Oax., 7 de septiembre de 2019.- A dos a\u00f1os del&hellip;<\/p>\n","protected":false},"author":2,"featured_media":3759,"comment_status":"closed","ping_status":"open","sticky":false,"template":"","format":"standard","meta":{"_lmt_disableupdate":"","_lmt_disable":"","_jetpack_memberships_contains_paid_content":false,"footnotes":""},"categories":[109,47],"tags":[360,282],"class_list":["post-3758","post","type-post","status-publish","format-standard","has-post-thumbnail","hentry","category-minuto-a-minuto","category-zona-gris","tag-rector-eduardo-bautista-martinez","tag-universidad-autonoma-benito-juarez-de-oaxaca"],"jetpack_featured_media_url":"https:\/\/zonaroja.com.mx\/wp-content\/uploads\/2019\/09\/IMG_5713.jpg","jetpack_sharing_enabled":true,"_links":{"self":[{"href":"https:\/\/zonaroja.com.mx\/index.php?rest_route=\/wp\/v2\/posts\/3758","targetHints":{"allow":["GET"]}}],"collection":[{"href":"https:\/\/zonaroja.com.mx\/index.php?rest_route=\/wp\/v2\/posts"}],"about":[{"href":"https:\/\/zonaroja.com.mx\/index.php?rest_route=\/wp\/v2\/types\/post"}],"author":[{"embeddable":true,"href":"https:\/\/zonaroja.com.mx\/index.php?rest_route=\/wp\/v2\/users\/2"}],"replies":[{"embeddable":true,"href":"https:\/\/zonaroja.com.mx\/index.php?rest_route=%2Fwp%2Fv2%2Fcomments&post=3758"}],"version-history":[{"count":1,"href":"https:\/\/zonaroja.com.mx\/index.php?rest_route=\/wp\/v2\/posts\/3758\/revisions"}],"predecessor-version":[{"id":3760,"href":"https:\/\/zonaroja.com.mx\/index.php?rest_route=\/wp\/v2\/posts\/3758\/revisions\/3760"}],"wp:featuredmedia":[{"embeddable":true,"href":"https:\/\/zonaroja.com.mx\/index.php?rest_route=\/wp\/v2\/media\/3759"}],"wp:attachment":[{"href":"https:\/\/zonaroja.com.mx\/index.php?rest_route=%2Fwp%2Fv2%2Fmedia&parent=3758"}],"wp:term":[{"taxonomy":"category","embeddable":true,"href":"https:\/\/zonaroja.com.mx\/index.php?rest_route=%2Fwp%2Fv2%2Fcategories&post=3758"},{"taxonomy":"post_tag","embeddable":true,"href":"https:\/\/zonaroja.com.mx\/index.php?rest_route=%2Fwp%2Fv2%2Ftags&post=3758"}],"curies":[{"name":"wp","href":"https:\/\/api.w.org\/{rel}","templated":true}]}}