{"id":37581,"date":"2022-02-14T06:59:35","date_gmt":"2022-02-14T12:59:35","guid":{"rendered":"http:\/\/www.zonaroja.com.mx\/?p=37581"},"modified":"2022-02-14T06:59:40","modified_gmt":"2022-02-14T12:59:40","slug":"refuerza-la-sspo-acciones-de-seguridad-en-la-region-del-istmo","status":"publish","type":"post","link":"https:\/\/zonaroja.com.mx\/?p=37581","title":{"rendered":"Refuerza la SSPO acciones de seguridad en la regi\u00f3n del Istmo"},"content":{"rendered":"\n<p>Redacci\u00f3n\/Zona Roja.<\/p>\n\n\n\n<p>Oaxaca de Ju\u00e1rez, Oax., 14 de febrero del 2022.- Derivado de los hechos que atentaron contra la integridad f\u00edsica del presidente municipal de San Pedro Tapanatepec y acompa\u00f1antes, ocurrido ayer tarde en la carretera federal 190, Chahuites-Tapanatepec, se reportan tres heridos y dos decesos.<\/p>\n\n\n\n<p>La Secretar\u00eda de Seguridad P\u00fablica de Oaxaca (SSPO) informa que se ponen en marcha diversas acciones para fortalecer la seguridad en la zona:<\/p>\n\n\n\n<p>Se otorgar\u00e1n medidas cautelares para las familias de los afectados y del presidente municipal, tras considerar que se encuentran en una situaci\u00f3n de riesgo y urgencia.<\/p>\n\n\n\n<p>Se fortalecen los operativos de seguridad en la regi\u00f3n, en coordinaci\u00f3n con fuerzas de seguridad estatal y federal.<\/p>\n\n\n\n<p>\u201cSeguimos trabajando conjuntamente con la Fiscal\u00eda General del Estado (FGEO), para el proceso de investigaci\u00f3n de los hechos\u201d.<\/p>\n\n\n\n<p>Mientras tanto, personal de la Polic\u00eda Estatal brinda acompa\u00f1amiento a la Vicefiscal Regional del Istmo, para que se lleven a cabo las diligencias preliminares del suceso.<\/p>\n\n\n\n<p>(Comunicado)<\/p>\n","protected":false},"excerpt":{"rendered":"<p>Redacci\u00f3n\/Zona Roja. Oaxaca de Ju\u00e1rez, Oax., 14 de febrero del 2022.- Derivado de los hechos&hellip;<\/p>\n","protected":false},"author":2,"featured_media":35297,"comment_status":"closed","ping_status":"open","sticky":false,"template":"","format":"standard","meta":{"_lmt_disableupdate":"","_lmt_disable":"","_jetpack_memberships_contains_paid_content":false,"footnotes":""},"categories":[109,46],"tags":[206,1421],"class_list":["post-37581","post","type-post","status-publish","format-standard","has-post-thumbnail","hentry","category-minuto-a-minuto","category-zona-blanca","tag-san-pedro-tapanatepec","tag-secretaria-de-seguridad-publica-de-oaxaca-sspo"],"jetpack_featured_media_url":"https:\/\/zonaroja.com.mx\/wp-content\/uploads\/2021\/12\/Policia-Estatal-antimotines.jpg","jetpack_sharing_enabled":true,"_links":{"self":[{"href":"https:\/\/zonaroja.com.mx\/index.php?rest_route=\/wp\/v2\/posts\/37581","targetHints":{"allow":["GET"]}}],"collection":[{"href":"https:\/\/zonaroja.com.mx\/index.php?rest_route=\/wp\/v2\/posts"}],"about":[{"href":"https:\/\/zonaroja.com.mx\/index.php?rest_route=\/wp\/v2\/types\/post"}],"author":[{"embeddable":true,"href":"https:\/\/zonaroja.com.mx\/index.php?rest_route=\/wp\/v2\/users\/2"}],"replies":[{"embeddable":true,"href":"https:\/\/zonaroja.com.mx\/index.php?rest_route=%2Fwp%2Fv2%2Fcomments&post=37581"}],"version-history":[{"count":1,"href":"https:\/\/zonaroja.com.mx\/index.php?rest_route=\/wp\/v2\/posts\/37581\/revisions"}],"predecessor-version":[{"id":37582,"href":"https:\/\/zonaroja.com.mx\/index.php?rest_route=\/wp\/v2\/posts\/37581\/revisions\/37582"}],"wp:featuredmedia":[{"embeddable":true,"href":"https:\/\/zonaroja.com.mx\/index.php?rest_route=\/wp\/v2\/media\/35297"}],"wp:attachment":[{"href":"https:\/\/zonaroja.com.mx\/index.php?rest_route=%2Fwp%2Fv2%2Fmedia&parent=37581"}],"wp:term":[{"taxonomy":"category","embeddable":true,"href":"https:\/\/zonaroja.com.mx\/index.php?rest_route=%2Fwp%2Fv2%2Fcategories&post=37581"},{"taxonomy":"post_tag","embeddable":true,"href":"https:\/\/zonaroja.com.mx\/index.php?rest_route=%2Fwp%2Fv2%2Ftags&post=37581"}],"curies":[{"name":"wp","href":"https:\/\/api.w.org\/{rel}","templated":true}]}}