{"id":37588,"date":"2022-02-14T08:09:57","date_gmt":"2022-02-14T14:09:57","guid":{"rendered":"http:\/\/www.zonaroja.com.mx\/?p=37588"},"modified":"2022-02-14T09:39:52","modified_gmt":"2022-02-14T15:39:52","slug":"oaxaca-narcoelecciones-y-la-violencia-extrema-que-viene","status":"publish","type":"post","link":"https:\/\/zonaroja.com.mx\/?p=37588","title":{"rendered":"Oaxaca, \u201cnarcoelecciones\u201d y la violencia extrema que viene"},"content":{"rendered":"\n<p>Ismael Garc\u00eda M.\/Zona Roja.<\/p>\n\n\n\n<p>Oaxaca de Ju\u00e1rez, Oax., 13 de febrero de 2022.- \u00bfQu\u00e9 tan certera habr\u00e1 sido la aseveraci\u00f3n del gobernador Alejandro Murat en un evento priista?:<\/p>\n\n\n\n<p>\u201cEstamos aqu\u00ed para trabajar por la seguridad de nuestros hijos, de nuestras familias; basta observar c\u00f3mo municipios como Juchit\u00e1n en su Cabildo tienen hombres de capos de la mafia.<\/p>\n\n\n\n<p>\u201cHoy les pregunto, \u00bfqueremos m\u00e1s experimentos?, \u00bfqueremos la gobernabilidad que tiene Oaxaca?\u201d.<\/p>\n\n\n\n<p>Lo cierto es que en pleno desarrollo de la jornada 2021-2022, las elecciones comienzan a pintarse de rojo y apuntan, irremediablemente, a unas \u201cnarcoelecciones\u201d, en que la disputa por la plaza por parte de grupos del crimen organizado ser\u00e1 sangrienta, en el proceso de fin de sexenio e inicio de otro.<\/p>\n\n\n\n<p>Porque no se explica de otra manera las m\u00faltiples masacres, por ejemplo cuatro en Juchit\u00e1n; irracional reacci\u00f3n de pobladores de San Blas con la quema de cuatro veh\u00edculos, incluyendo una patrulla, y lo m\u00e1s reciente, atentado contra el edil de Tapanatepec, con saldo de dos muertos y dos heridos.<\/p>\n\n\n\n<p>TERROR\u00cdFICO<\/p>\n\n\n\n<p>Un escenario realmente complicado presenta Oaxaca en materia de seguridad p\u00fablica, pues en enero y dos semanas de febrero suman al menos 30 homicidios, la mitad de ellos probables feminicidios.<\/p>\n\n\n\n<p>Los m\u00e1s recientes hechos: el domingo 13 de febrero, dos muertos y dos heridos en ataque armado a edil de San Pedro Tapanatepec; un asesinado en la ciudad de Oaxaca y otro en Huajuapan de Le\u00f3n.<\/p>\n\n\n\n<p>El s\u00e1bado 12, violenta reacci\u00f3n de pobladores de San Blas Atempa, que quemaron cuatro veh\u00edculos, entre ellos una patrulla municipal, mientras que en Ejutla de Crespo fue hallado un decapitado.<\/p>\n\n\n\n<p>Un d\u00eda antes, un asesinado en Pinotepa Nacional, mientras que el jueves 10 de febrero fue ultimado de varios balazos en Salina Cruz el periodista H\u00e9ber L\u00f3pez, pese al supuesto refuerzo de los esquemas de seguridad.<\/p>\n\n\n\n<p>El martes 8 de febrero, el gobernador Alejandro Murat y los titulares de Seguridad P\u00fablica y de la Fiscal\u00eda General, as\u00ed como de la Guardia Nacional y el Ej\u00e9rcito, entre otros, anunciaron el reforzamiento de la seguridad en la regi\u00f3n del Istmo, lo cual no ha dado resultados.<\/p>\n\n\n\n<p>Ello fue decidido despu\u00e9s de masacres de familias ocurridas en Juchit\u00e1n; el 6 de febrero con cuatro, tres de ellas mujeres; el 3 de febrero con tres ejecutados, todas mujeres incluyendo una menor, y el d\u00eda anterior tres ultimados a balazos, de los cuales dos fueron mujeres.<\/p>\n\n\n\n<p>La capital de Oaxaca no ha estado exenta de la grave violencia y en este a\u00f1o suma al menos cinco v\u00edctimas mortales, incluyendo dos feminicidios. El 23 de enero, dos ejecutados en Uni\u00f3n Hidalgo; el 12 de enero cuatro ejecutados en Juchit\u00e1n, y as\u00ed, la larga lista de cr\u00edmenes, en Santa Mar\u00eda Petapa, Santiago Jamiltepec, en Villa de Tututepec, en Huajuapan de Le\u00f3n, en Mat\u00edas Romero, adem\u00e1s de una serie de ataques armados en Loma Bonita.<\/p>\n\n\n\n<p>\u00bfS\u00d3LO MORENISTAS?<\/p>\n\n\n\n<p>\u201cCasualmente\u201d, en los municipios donde mayor se ha desarrollado la violencia son gobernados por presidentes municipales surgidos del Partido Morena, sobre todo en la regi\u00f3n del Istmo de Tehuantepec<\/p>\n\n\n\n<p>\u201cCasualmente\u201d, en su mayor\u00eda son afines y respaldan con todo, incluyendo recursos financieros, a Salom\u00f3n Jara. Y tienen un eje en com\u00fan: Antonino Morales, dirigente de la organizaci\u00f3n FUCO y se\u00f1alado &#8211;mas no investigado&#8211; de diversos delitos de orden federal.<\/p>\n\n\n\n<p>Juchit\u00e1n con Emilio Montero P\u00e9rez; Tapanatepec con Humberto L\u00f3pez Parrazales; Salina Cruz con Daniel M\u00e9ndez Sosa; Tehuantepec con Vilma Mart\u00ednez Cort\u00e9s, que repite en el cargo, al igual que el de Juchit\u00e1n; San Blas Atempa con Antonino Morales, por mencionar algunos.<\/p>\n\n\n\n<p>Es claro que, pese a la reciente declaraci\u00f3n del gobernador Alejandro Murat (al que por cierto le revir\u00f3 el Cabildo de Juchit\u00e1n y le exigi\u00f3 una disculpa p\u00fablica), no hay inter\u00e9s en investigar hasta d\u00f3nde hay omisi\u00f3n, irresponsabilidad o encubrimiento por parte de las autoridades estatales.<\/p>\n\n\n\n<p>Es claro tambi\u00e9n que el Istmo de Tehuantepec es un importante corredor de tr\u00e1fico de drogas y de migrantes, provenientes de Sudam\u00e9rica y Centroam\u00e9rica, y que hasta ahora nadie ha podido frenar.<\/p>\n\n\n\n<p>Mientras tanto, el Corredor Interoce\u00e1nico ya es otro apetitoso bot\u00edn para el crimen organizado y nada m\u00e1s hay que leer a Peniley Ram\u00edrez en el diario \u201cReforma\u201d, que desmenuz\u00f3 c\u00f3mo los grupos armados han impuesto ya su voluntad (<a href=\"http:\/\/www.zonaroja.com.mx\/?p=36036\">http:\/\/www.zonaroja.com.mx\/?p=36036<\/a>) a\u00fan en el proceso de construcci\u00f3n de infraestructura.<\/p>\n\n\n\n<p>Para nadie es un secreto tambi\u00e9n que al menos tres grupos del crimen organizado de manufactura nacional e internacional se asientan en Oaxaca desde hace varios a\u00f1os (<a href=\"http:\/\/www.zonaroja.com.mx\/?p=4325\">http:\/\/www.zonaroja.com.mx\/?p=4325<\/a>), los \u201cZetas\u201d, \u201cNoroeste\u201d, y los Beltr\u00e1n Leyva, sin descartar al Jalisco Nueva Generaci\u00f3n.<\/p>\n\n\n\n<p>&nbsp;\u00bfY EL PRI?<\/p>\n\n\n\n<p>Para nadie es un secreto que zonas donde mayor presencia del crimen organizado, est\u00e1n tambi\u00e9n con presencia de autoridades municipales emanadas del PRI, concretamente en la Cuenca del Papaloapan y en la regi\u00f3n de la Costa, desde Juquila, Reyes Nopala, Mixtepec, hasta la Costa chica.<\/p>\n\n\n\n<p>A inicios de noviembre pasado, fue detenido Gustavo D\u00edaz S\u00e1nchez, diputado electo del PRI, acusado de diversos delitos, entre ellos homicidios; se ha difundido tambi\u00e9n de manera constante en la zona el dominio que ejerce su hijo \u201cEl Pino\u201d en actividades il\u00edcitas.<\/p>\n\n\n\n<p>\u00bfSabe o no Alejandro Avil\u00e9s \u00c1lvarez estas ligas con su amigo y compadre D\u00edaz S\u00e1nchez? \u00bfQu\u00e9 nexos guarda con su otro amigo actual diputado Freddy Gil Pineda?<\/p>\n\n\n\n<p>El actual candidato del PRI a gobernador de Oaxaca conoce perfectamente el entramado del crimen organizado &#8211;y no se est\u00e1 acusando que est\u00e9 involucrado de manera directa&#8211; y hasta ahora no ha habido ning\u00fan pronunciamiento al respecto.<\/p>\n\n\n\n<p>\u00bfQui\u00e9nes est\u00e1n m\u00e1s involucrados con grupos violentos y delictivos en Oaxaca? \u00bfLos morenistas o los priistas? Entre sorna y entre seriedad, circulan versiones que la elecci\u00f3n de la gubernatura es la disputa de dos grupos del crimen organizado.<\/p>\n\n\n\n<p>Y s\u00ed, de lo que se trata es la disputa de la plaza. Terminado el actual sexenio de Alejandro Murat, los grupos delictivos de manufactura nacional, con sus ramales estatales, buscan ahora con qui\u00e9n negociar para no ser molestados en sus actividades il\u00edcitas durante los pr\u00f3ximos seis a\u00f1os.<\/p>\n\n\n\n<p>Entonces la raz\u00f3n principal de los hechos violentos y criminales que han recrudecido este a\u00f1o (a lo que la Fiscal\u00eda le ha atribuido el narcomenudeo) es qui\u00e9n controlar\u00e1 Oaxaca y por ello, lamentablemente, la lucha \u201cnarcoelectoral\u201d se intensificar\u00e1.<\/p>\n","protected":false},"excerpt":{"rendered":"<p>Ismael Garc\u00eda M.\/Zona Roja. Oaxaca de Ju\u00e1rez, Oax., 13 de febrero de 2022.- \u00bfQu\u00e9 tan&hellip;<\/p>\n","protected":false},"author":2,"featured_media":7610,"comment_status":"closed","ping_status":"open","sticky":false,"template":"","format":"standard","meta":{"_lmt_disableupdate":"","_lmt_disable":"","_jetpack_memberships_contains_paid_content":false,"footnotes":""},"categories":[456,109,48],"tags":[1353],"class_list":["post-37588","post","type-post","status-publish","format-standard","has-post-thumbnail","hentry","category-columna","category-minuto-a-minuto","category-zona-critica","tag-opinion-zona-critica"],"jetpack_featured_media_url":"https:\/\/zonaroja.com.mx\/wp-content\/uploads\/2020\/01\/Opini\u00f3n-Zona-Cr\u00edtica.jpg","jetpack_sharing_enabled":true,"_links":{"self":[{"href":"https:\/\/zonaroja.com.mx\/index.php?rest_route=\/wp\/v2\/posts\/37588","targetHints":{"allow":["GET"]}}],"collection":[{"href":"https:\/\/zonaroja.com.mx\/index.php?rest_route=\/wp\/v2\/posts"}],"about":[{"href":"https:\/\/zonaroja.com.mx\/index.php?rest_route=\/wp\/v2\/types\/post"}],"author":[{"embeddable":true,"href":"https:\/\/zonaroja.com.mx\/index.php?rest_route=\/wp\/v2\/users\/2"}],"replies":[{"embeddable":true,"href":"https:\/\/zonaroja.com.mx\/index.php?rest_route=%2Fwp%2Fv2%2Fcomments&post=37588"}],"version-history":[{"count":2,"href":"https:\/\/zonaroja.com.mx\/index.php?rest_route=\/wp\/v2\/posts\/37588\/revisions"}],"predecessor-version":[{"id":37592,"href":"https:\/\/zonaroja.com.mx\/index.php?rest_route=\/wp\/v2\/posts\/37588\/revisions\/37592"}],"wp:featuredmedia":[{"embeddable":true,"href":"https:\/\/zonaroja.com.mx\/index.php?rest_route=\/wp\/v2\/media\/7610"}],"wp:attachment":[{"href":"https:\/\/zonaroja.com.mx\/index.php?rest_route=%2Fwp%2Fv2%2Fmedia&parent=37588"}],"wp:term":[{"taxonomy":"category","embeddable":true,"href":"https:\/\/zonaroja.com.mx\/index.php?rest_route=%2Fwp%2Fv2%2Fcategories&post=37588"},{"taxonomy":"post_tag","embeddable":true,"href":"https:\/\/zonaroja.com.mx\/index.php?rest_route=%2Fwp%2Fv2%2Ftags&post=37588"}],"curies":[{"name":"wp","href":"https:\/\/api.w.org\/{rel}","templated":true}]}}