{"id":37600,"date":"2022-02-14T19:45:02","date_gmt":"2022-02-15T01:45:02","guid":{"rendered":"http:\/\/www.zonaroja.com.mx\/?p=37600"},"modified":"2022-02-14T19:45:06","modified_gmt":"2022-02-15T01:45:06","slug":"prensa-de-oaxaca-exige-justicia-por-asesinatos-de-periodistas","status":"publish","type":"post","link":"https:\/\/zonaroja.com.mx\/?p=37600","title":{"rendered":"Prensa de Oaxaca exige justicia por asesinatos de periodistas"},"content":{"rendered":"\n<p>Yuridiana Sosa\/Zona Roja.<\/p>\n\n\n\n<p>Oaxaca de Ju\u00e1rez, Oax.,14 de febrero de 2022.- \u201c\u00a1Ya basta!\u201d se lee a lo ancho de la explanada de Santo Domingo de Guzm\u00e1n, en la capital de Oaxaca, donde con cal el gremio period\u00edstico pint\u00f3 esta exigencia que es inmensamente m\u00e1s grande que su tama\u00f1o f\u00edsico.<\/p>\n\n\n\n<p>El homicidio de Heber L\u00f3pez V\u00e1zquez, en Salina Cruz el pasado 10 de febrero, m\u00e1s el de otra decena de compa\u00f1eros asesinados en el transcurso de 10 a\u00f1os en Oaxaca y m\u00e1s de 300 agresiones, por los que persiste impunidad, convoc\u00f3 a reporteras y reporteros a alzar la voz frente a la ola de cr\u00edmenes en nuestro pa\u00eds.<\/p>\n\n\n\n<p>A esta protesta, como parte de la movilizaci\u00f3n nacional \u201cNo se mata la verdad\u201d, se uni\u00f3 a distancia el hermano de Heber, Irving L\u00f3pez, quien agradeci\u00f3 la solidaridad con la familia, y quien tambi\u00e9n ha expresado en otro momento su preocupaci\u00f3n al no existir mecanismo de protecci\u00f3n para la familia de su hermano, ni quien garantice el pleno desarrollo de los hijos que quedan en la orfandad.<\/p>\n\n\n\n<p>El dolor, la tristeza; el enojo y frustraci\u00f3n, por lo que el gremio period\u00edstico vive se manifest\u00f3 en esta protesta.<\/p>\n\n\n\n<p>Periodistas de larga trayectoria y quienes en su momento tambi\u00e9n ha sufrido de la violencia, expresaron su repudi\u00f3 por los actos y exigieron justicia, pero tambi\u00e9n dejaron claro que \u201cno se mata la verdad\u201d, y la defensa por la libertad de expresi\u00f3n continuar\u00e1, Ahora m\u00e1s unida que antes.<\/p>\n\n\n\n<figure class=\"wp-block-embed is-type-rich is-provider-twitter wp-block-embed-twitter\"><div class=\"wp-block-embed__wrapper\">\n<div class=\"twitter-tweet\"><blockquote class=\"twitter-tweet\" data-lang=\"es\"><p lang=\"es\" dir=\"ltr\"><a href=\"https:\/\/twitter.com\/hashtag\/ENVIVO?src=hash&amp;ref_src=twsrc%5Etfw\">#ENVIVO<\/a><br>Oaxaca de Ju\u00e1rez, Oax., 14 de febrero de 2022.- Periodistas de <a href=\"https:\/\/twitter.com\/hashtag\/Oaxaca?src=hash&amp;ref_src=twsrc%5Etfw\">#Oaxaca<\/a> se unen en la capital a la jornada nacional de protesta \u201cNo se mata la verdad\u201d.<br>Aqu\u00ed la transmisi\u00f3n:<br>\ud83d\udc47<a href=\"https:\/\/t.co\/M37H8ZTYpI\">https:\/\/t.co\/M37H8ZTYpI<\/a> <a href=\"https:\/\/t.co\/yPI1xue6D1\">pic.twitter.com\/yPI1xue6D1<\/a><\/p>&mdash; Garc\u00eda Morales I. (@May_Garcia_M) <a href=\"https:\/\/twitter.com\/May_Garcia_M\/status\/1493334054904553475?ref_src=twsrc%5Etfw\">14 de febrero de 2022<\/a><\/blockquote><\/div>\n<\/div><\/figure>\n\n\n\n<p>El periodista Pedro Mat\u00edas, corresponsal de \u201cProceso\u201d en Oaxaca, se\u00f1al\u00f3 que la democracia en M\u00e9xico est\u00e1 herida, pues mientras el sistema pol\u00edtico dice que va avanzando en democracia, \u201cse va sepultando la libertad de expresi\u00f3n\u201d.<\/p>\n\n\n\n<p>\u201cNuestra mayor defensa es la palabra y vamos a defenderla le cueste a quien le cueste y le guste a quien le guste\u201d, sentenci\u00f3 el experimentado comunicador ante los medios de comunicaci\u00f3n, que hac\u00edan un doble papel en ese importante momento, alzar la voz dando voz a esta protesta.<\/p>\n\n\n\n<p>La periodista Soledad Jarqu\u00edn, madre de la fotoperiodista Mar\u00eda del Sol Cruz, asesinada en 2018, volvi\u00f3 a expresar su defensa a la prensa y exhibir la omisi\u00f3n institucional para encontrar justicia.<\/p>\n\n\n\n<p>\u201cNo nos escuchan, no nos ven, nos quieren callados, que bueno que estamos todos, vamos a demostrarle al poder que vamos a decir siempre: ya basta, ni un periodista m\u00e1s asesinado, ni una periodista m\u00e1s asesinada\u201d.<\/p>\n\n\n\n<p>Los agravios a la presa, agreg\u00f3, representa una lesi\u00f3n del tejido social, pues lesiona a familias, \u201cnos hieren, nos matan, pero aqu\u00ed estamos y no vamos a permitir que coarten la libertad de expresi\u00f3n ni un d\u00eda m\u00e1s\u201d.<\/p>\n\n\n\n<p>Por su parte, el presidente de la Asociaci\u00f3n de Periodistas de Oaxaca (APO), Felipe S\u00e1nchez, pidi\u00f3 al gremio a mantenerse unidos y exigir a los gobiernos, estatal y federal el cese de estos cr\u00edmenes. \u201c\u00a1Justicia, fuera impunidad!\u201d<\/p>\n","protected":false},"excerpt":{"rendered":"<p>Yuridiana Sosa\/Zona Roja. Oaxaca de Ju\u00e1rez, Oax.,14 de febrero de 2022.- \u201c\u00a1Ya basta!\u201d se lee&hellip;<\/p>\n","protected":false},"author":2,"featured_media":37601,"comment_status":"closed","ping_status":"open","sticky":false,"template":"","format":"standard","meta":{"_lmt_disableupdate":"","_lmt_disable":"","_jetpack_memberships_contains_paid_content":false,"footnotes":""},"categories":[109,47],"tags":[1396,3029],"class_list":["post-37600","post","type-post","status-publish","format-standard","has-post-thumbnail","hentry","category-minuto-a-minuto","category-zona-gris","tag-agresion-a-periodistas-oaxaca","tag-heber-lopez-vasquez"],"jetpack_featured_media_url":"https:\/\/zonaroja.com.mx\/wp-content\/uploads\/2022\/02\/Protesta-periodistas-Oaxaca-2.jpg","jetpack_sharing_enabled":true,"_links":{"self":[{"href":"https:\/\/zonaroja.com.mx\/index.php?rest_route=\/wp\/v2\/posts\/37600","targetHints":{"allow":["GET"]}}],"collection":[{"href":"https:\/\/zonaroja.com.mx\/index.php?rest_route=\/wp\/v2\/posts"}],"about":[{"href":"https:\/\/zonaroja.com.mx\/index.php?rest_route=\/wp\/v2\/types\/post"}],"author":[{"embeddable":true,"href":"https:\/\/zonaroja.com.mx\/index.php?rest_route=\/wp\/v2\/users\/2"}],"replies":[{"embeddable":true,"href":"https:\/\/zonaroja.com.mx\/index.php?rest_route=%2Fwp%2Fv2%2Fcomments&post=37600"}],"version-history":[{"count":1,"href":"https:\/\/zonaroja.com.mx\/index.php?rest_route=\/wp\/v2\/posts\/37600\/revisions"}],"predecessor-version":[{"id":37602,"href":"https:\/\/zonaroja.com.mx\/index.php?rest_route=\/wp\/v2\/posts\/37600\/revisions\/37602"}],"wp:featuredmedia":[{"embeddable":true,"href":"https:\/\/zonaroja.com.mx\/index.php?rest_route=\/wp\/v2\/media\/37601"}],"wp:attachment":[{"href":"https:\/\/zonaroja.com.mx\/index.php?rest_route=%2Fwp%2Fv2%2Fmedia&parent=37600"}],"wp:term":[{"taxonomy":"category","embeddable":true,"href":"https:\/\/zonaroja.com.mx\/index.php?rest_route=%2Fwp%2Fv2%2Fcategories&post=37600"},{"taxonomy":"post_tag","embeddable":true,"href":"https:\/\/zonaroja.com.mx\/index.php?rest_route=%2Fwp%2Fv2%2Ftags&post=37600"}],"curies":[{"name":"wp","href":"https:\/\/api.w.org\/{rel}","templated":true}]}}