{"id":37603,"date":"2022-02-14T21:31:49","date_gmt":"2022-02-15T03:31:49","guid":{"rendered":"http:\/\/www.zonaroja.com.mx\/?p=37603"},"modified":"2022-02-14T21:31:53","modified_gmt":"2022-02-15T03:31:53","slug":"sin-freno-violencia-en-capital-de-oaxaca-un-muerto-y-dos-heridos","status":"publish","type":"post","link":"https:\/\/zonaroja.com.mx\/?p=37603","title":{"rendered":"Sin freno, violencia en capital de Oaxaca: un muerto y dos heridos"},"content":{"rendered":"\n<p>Ismael Garc\u00eda M.\/Zona Roja.<\/p>\n\n\n\n<p>Oaxaca de Ju\u00e1rez, Oax., 14 de febrero de 2022.- La violencia se intensific\u00f3 en la ciudad de Oaxaca y a 24 horas de un crimen, este lunes ocurri\u00f3 otro homicidio, perpetrado con arma blanca, adem\u00e1s de dos lesionados tras asalto a un negocio.<\/p>\n\n\n\n<p>En la calle de Galeana, casi esquina con Perif\u00e9rico de la capital, un hombre fue atacado con arma blanca por un sujeto desconocido; param\u00e9dicos de la Cruz Roja Mexicana le brindaron los primeros auxilios, pero corroboraron que hab\u00eda perdido la vida.<\/p>\n\n\n\n<p>No hubo detenciones, a pesar de que en la zona, cercana a la Central de Abasto, la polic\u00eda municipal de Oaxaca de Ju\u00e1rez intensific\u00f3 los rondines de vigilancia.<\/p>\n\n\n\n<figure class=\"wp-block-embed is-type-rich is-provider-twitter wp-block-embed-twitter\"><div class=\"wp-block-embed__wrapper\">\n<div class=\"twitter-tweet\"><blockquote class=\"twitter-tweet\" data-lang=\"es\"><p lang=\"es\" dir=\"ltr\">ZONA ROJA. <a href=\"https:\/\/twitter.com\/hashtag\/%C3%9AltimoMinuto?src=hash&amp;ref_src=twsrc%5Etfw\">#\u00daltimoMinuto<\/a> <br>2. Otro hecho violento en la ciudad de <a href=\"https:\/\/twitter.com\/hashtag\/Oaxaca?src=hash&amp;ref_src=twsrc%5Etfw\">#Oaxaca<\/a>, ocurri\u00f3 en inmediaciones del crucero vial de la agencia de Cinco Se\u00f1ores, donde otra persona del sexo masculino fue herida con arma blanca; fue trasladada a un hospital. <a href=\"https:\/\/t.co\/q2a0WGtzoh\">pic.twitter.com\/q2a0WGtzoh<\/a><\/p>&mdash; Garc\u00eda Morales I. (@May_Garcia_M) <a href=\"https:\/\/twitter.com\/May_Garcia_M\/status\/1493392742709448710?ref_src=twsrc%5Etfw\">15 de febrero de 2022<\/a><\/blockquote><\/div>\n<\/div><\/figure>\n\n\n\n<p>Momentos antes, sobre la avenida Ferrocarril, a unos pasos del crucero vial de la agencia de Cinco Se\u00f1ores, un individuo asalt\u00f3 un local de fotograf\u00edas.<\/p>\n\n\n\n<p>Un empleado llegaba al lugar e intent\u00f3 detener al maleante, pero fue agredido con arma blanca; el presunto ladr\u00f3n intent\u00f3 huir, pero fue alcanzado por un grupo de vecinos, que intentaron lincharlo.<\/p>\n\n\n\n<p>Corporaciones policiacas y param\u00e9dicos lograron rescatarlo para llevarlo a un m\u00e9dico, al igual que el lesionado con cuchillo. En este caso tampoco hubo personas detenidas.<\/p>\n","protected":false},"excerpt":{"rendered":"<p>Ismael Garc\u00eda M.\/Zona Roja. Oaxaca de Ju\u00e1rez, Oax., 14 de febrero de 2022.- La violencia&hellip;<\/p>\n","protected":false},"author":2,"featured_media":37604,"comment_status":"closed","ping_status":"open","sticky":false,"template":"","format":"standard","meta":{"_lmt_disableupdate":"","_lmt_disable":"","_jetpack_memberships_contains_paid_content":false,"footnotes":""},"categories":[109,51],"tags":[148],"class_list":["post-37603","post","type-post","status-publish","format-standard","has-post-thumbnail","hentry","category-minuto-a-minuto","category-zona-roja","tag-oaxaca-de-juarez"],"jetpack_featured_media_url":"https:\/\/zonaroja.com.mx\/wp-content\/uploads\/2022\/02\/Asesinado-ciudad-de-Oaxaca.jpg","jetpack_sharing_enabled":true,"_links":{"self":[{"href":"https:\/\/zonaroja.com.mx\/index.php?rest_route=\/wp\/v2\/posts\/37603","targetHints":{"allow":["GET"]}}],"collection":[{"href":"https:\/\/zonaroja.com.mx\/index.php?rest_route=\/wp\/v2\/posts"}],"about":[{"href":"https:\/\/zonaroja.com.mx\/index.php?rest_route=\/wp\/v2\/types\/post"}],"author":[{"embeddable":true,"href":"https:\/\/zonaroja.com.mx\/index.php?rest_route=\/wp\/v2\/users\/2"}],"replies":[{"embeddable":true,"href":"https:\/\/zonaroja.com.mx\/index.php?rest_route=%2Fwp%2Fv2%2Fcomments&post=37603"}],"version-history":[{"count":1,"href":"https:\/\/zonaroja.com.mx\/index.php?rest_route=\/wp\/v2\/posts\/37603\/revisions"}],"predecessor-version":[{"id":37605,"href":"https:\/\/zonaroja.com.mx\/index.php?rest_route=\/wp\/v2\/posts\/37603\/revisions\/37605"}],"wp:featuredmedia":[{"embeddable":true,"href":"https:\/\/zonaroja.com.mx\/index.php?rest_route=\/wp\/v2\/media\/37604"}],"wp:attachment":[{"href":"https:\/\/zonaroja.com.mx\/index.php?rest_route=%2Fwp%2Fv2%2Fmedia&parent=37603"}],"wp:term":[{"taxonomy":"category","embeddable":true,"href":"https:\/\/zonaroja.com.mx\/index.php?rest_route=%2Fwp%2Fv2%2Fcategories&post=37603"},{"taxonomy":"post_tag","embeddable":true,"href":"https:\/\/zonaroja.com.mx\/index.php?rest_route=%2Fwp%2Fv2%2Ftags&post=37603"}],"curies":[{"name":"wp","href":"https:\/\/api.w.org\/{rel}","templated":true}]}}