{"id":37609,"date":"2022-02-14T22:35:29","date_gmt":"2022-02-15T04:35:29","guid":{"rendered":"http:\/\/www.zonaroja.com.mx\/?p=37609"},"modified":"2022-02-14T22:35:32","modified_gmt":"2022-02-15T04:35:32","slug":"ciudad-de-oaxaca-y-juchitan-las-mas-violentas-gobernador","status":"publish","type":"post","link":"https:\/\/zonaroja.com.mx\/?p=37609","title":{"rendered":"Ciudad de Oaxaca y Juchit\u00e1n, las m\u00e1s violentas: gobernador"},"content":{"rendered":"\n<p>Ismael Garc\u00eda M.\/Zona Roja.<\/p>\n\n\n\n<p>Oaxaca de Ju\u00e1rez, Oax., 14 de febrero de 2022.- \u201cLo que tenemos en los indicadores es que despu\u00e9s de la ciudad de Oaxaca, el municipio con mayor incremento en el tema de delincuencia es Juchit\u00e1n, pero vamos a hacer una reuni\u00f3n en conjunto con todos los presidentes para evaluar y tomar acciones para enfrentar cualquier situaci\u00f3n\u201d.<\/p>\n\n\n\n<p>\u201cYa est\u00e1 blindado y se est\u00e1 trabajando de la mano; esto quiero decirlo de manera muy clara, en todo el pa\u00eds, todos los d\u00edas la delincuencia organizada est\u00e1 acechando y Oaxaca pues no es la excepci\u00f3n\u201d.<\/p>\n\n\n\n<p>As\u00ed respondi\u00f3 el gobernador Alejandro Murat a los cuestionamientos de la prensa sobre la inseguridad en el estado y los recientes hechos delictivos.<\/p>\n\n\n\n<p>El mandatario acudi\u00f3 hoy a Cuil\u00e1pam, para presidir el aniversario luctuoso del general Vicente Guerrero, donde dijo que lo que hay que hacer es cerrar filas en todas las regiones del estado, con todos los municipios, y trabajar para que estos incidentes no se den.<\/p>\n\n\n\n<p>En el caso del crimen del periodista H\u00e9ber L\u00f3pez V\u00e1squez, expuso que las autoridades correspondientes han detenido a los presuntos responsables \u201cy en varios casos seguiremos haciendo las investigaciones para que por supuesto mandar un mensaje claro en contra de la impunidad\u201d.<\/p>\n\n\n\n<figure class=\"wp-block-embed is-type-rich is-provider-twitter wp-block-embed-twitter\"><div class=\"wp-block-embed__wrapper\">\n<div class=\"twitter-tweet\"><blockquote class=\"twitter-tweet\" data-lang=\"es\"><p lang=\"es\" dir=\"ltr\">ZONA ROJA.<br>\u201cEn todo el pa\u00eds, todos los d\u00edas, la delincuencia organizada est\u00e1 acechando y <a href=\"https:\/\/twitter.com\/hashtag\/Oaxaca?src=hash&amp;ref_src=twsrc%5Etfw\">#Oaxaca<\/a> no es la excepci\u00f3n\u201d, dijo el gobernador <a href=\"https:\/\/twitter.com\/alejandromurat?ref_src=twsrc%5Etfw\">@alejandromurat<\/a>. <br>Del caso Juchit\u00e1n:<br>-El presidente municipal le pide una disculpa p\u00fablica\u2026<br>-Lo que vamos a hacer es reunirnos y platicar. <a href=\"https:\/\/t.co\/0KnXQu11no\">pic.twitter.com\/0KnXQu11no<\/a><\/p>&mdash; Garc\u00eda Morales I. (@May_Garcia_M) <a href=\"https:\/\/twitter.com\/May_Garcia_M\/status\/1493314448597078017?ref_src=twsrc%5Etfw\">14 de febrero de 2022<\/a><\/blockquote><\/div>\n<\/div><\/figure>\n\n\n\n<p>\u201cEn los casos en que los periodistas han sido agredidos, en este caso no hab\u00edamos tenido esta situaci\u00f3n, por supuesto es algo que condenamos, pero lo m\u00e1s importante es que se detuvieron a dos presuntos responsables y seguramente eso nos permitir\u00e1 tener mayores l\u00edneas de investigaci\u00f3n para seguir deteniendo m\u00e1s responsables\u201d.<\/p>\n\n\n\n<p>Con respecto al se\u00f1alamiento que hizo el pasado fin de semana, que en el Cabildo de Juchit\u00e1n hay \u201ccapos\u201d de la mafia; se limit\u00f3 a contestar que se har\u00e1 una reuni\u00f3n para platica con las autoridades municipales.<\/p>\n\n\n\n<p>En cuanto a los desmanes de la Secci\u00f3n 22 del SNTE y normalistas en la boda de Elba Esther Gordillo, el pasado s\u00e1bado, el mandatario estatal respondi\u00f3:<\/p>\n\n\n\n<p>\u201cCada qui\u00e9n tiene que asumir la responsabilidad que nos toca; lo que nosotros hicimos fue generar condiciones para que todas las personas que quieran llevar a cabo sus bodas las puedan hacer en Oaxaca de manera pac\u00edfica, y lamentablemente se dio este incidente, que tienen que ver con el magisterio y la relaci\u00f3n hist\u00f3rica que ha tenido la maestra con el ellos y ellos tendr\u00e1n que responder\u201d.<\/p>\n","protected":false},"excerpt":{"rendered":"<p>Ismael Garc\u00eda M.\/Zona Roja. Oaxaca de Ju\u00e1rez, Oax., 14 de febrero de 2022.- \u201cLo que&hellip;<\/p>\n","protected":false},"author":2,"featured_media":37610,"comment_status":"closed","ping_status":"open","sticky":false,"template":"","format":"standard","meta":{"_lmt_disableupdate":"","_lmt_disable":"","_jetpack_memberships_contains_paid_content":false,"footnotes":""},"categories":[109,47],"tags":[173],"class_list":["post-37609","post","type-post","status-publish","format-standard","has-post-thumbnail","hentry","category-minuto-a-minuto","category-zona-gris","tag-alejandro-murat-hinojosa"],"jetpack_featured_media_url":"https:\/\/zonaroja.com.mx\/wp-content\/uploads\/2022\/02\/Alejandro-Murat.jpg","jetpack_sharing_enabled":true,"_links":{"self":[{"href":"https:\/\/zonaroja.com.mx\/index.php?rest_route=\/wp\/v2\/posts\/37609","targetHints":{"allow":["GET"]}}],"collection":[{"href":"https:\/\/zonaroja.com.mx\/index.php?rest_route=\/wp\/v2\/posts"}],"about":[{"href":"https:\/\/zonaroja.com.mx\/index.php?rest_route=\/wp\/v2\/types\/post"}],"author":[{"embeddable":true,"href":"https:\/\/zonaroja.com.mx\/index.php?rest_route=\/wp\/v2\/users\/2"}],"replies":[{"embeddable":true,"href":"https:\/\/zonaroja.com.mx\/index.php?rest_route=%2Fwp%2Fv2%2Fcomments&post=37609"}],"version-history":[{"count":1,"href":"https:\/\/zonaroja.com.mx\/index.php?rest_route=\/wp\/v2\/posts\/37609\/revisions"}],"predecessor-version":[{"id":37611,"href":"https:\/\/zonaroja.com.mx\/index.php?rest_route=\/wp\/v2\/posts\/37609\/revisions\/37611"}],"wp:featuredmedia":[{"embeddable":true,"href":"https:\/\/zonaroja.com.mx\/index.php?rest_route=\/wp\/v2\/media\/37610"}],"wp:attachment":[{"href":"https:\/\/zonaroja.com.mx\/index.php?rest_route=%2Fwp%2Fv2%2Fmedia&parent=37609"}],"wp:term":[{"taxonomy":"category","embeddable":true,"href":"https:\/\/zonaroja.com.mx\/index.php?rest_route=%2Fwp%2Fv2%2Fcategories&post=37609"},{"taxonomy":"post_tag","embeddable":true,"href":"https:\/\/zonaroja.com.mx\/index.php?rest_route=%2Fwp%2Fv2%2Ftags&post=37609"}],"curies":[{"name":"wp","href":"https:\/\/api.w.org\/{rel}","templated":true}]}}