{"id":3761,"date":"2019-09-07T21:44:44","date_gmt":"2019-09-08T02:44:44","guid":{"rendered":"http:\/\/www.zonaroja.com.mx\/?p=3761"},"modified":"2019-09-07T21:44:47","modified_gmt":"2019-09-08T02:44:47","slug":"en-istmo-mientras-realizan-operativo-matan-a-uno-y-roban-en-oxxo","status":"publish","type":"post","link":"https:\/\/zonaroja.com.mx\/?p=3761","title":{"rendered":"En Istmo, mientras realizan operativo, matan a uno y roban en Oxxo"},"content":{"rendered":"\n<p>Redacci\u00f3n\/Zona\nRoja.<\/p>\n\n\n\n<p>Oaxaca de\nJu\u00e1rez, Oax., 7 de septiembre de 2019.- Mientras polic\u00edas y militares realizaban\nun megaoperativo en la S\u00e9ptima Secci\u00f3n, un individuo fue ejecutado y su cuerpo\ntirado en un pante\u00f3n de Juchit\u00e1n de Zaragoza; en tanto, en Salina Cruz fue\nasaltada una tienda Oxxo.<\/p>\n\n\n\n<p>En un\nmausoleo del pante\u00f3n \u201cMi\u00e9rcoles Santo\u201d, ubicado en la Octava Secci\u00f3n de\nJuchit\u00e1n, fue hallado el cuerpo de un individuo hasta ahora no identificado; se\nhallaba semidesnudo y presentaba heridas en la cabeza, presuntamente por\ndisparos de arma de fuego.<\/p>\n\n\n\n<p>Por otra\nparte, cerca de las dos de la tarde, un individuo armado ingres\u00f3 a asaltar a la\ntienda Oxxo ubicada en la calle Tampico esquina con Primero de Mayo, del barrio\nEl Espinal, del municipio de Salina Cruz.<\/p>\n\n\n\n<p>Tras aportar con el arma a los empleados, se apoder\u00f3 de dinero y mercanc\u00eda, tras lo cual se dio a la fuga.<\/p>\n\n\n\n<figure class=\"wp-block-image\"><img decoding=\"async\" width=\"967\" height=\"815\" src=\"http:\/\/www.zonaroja.com.mx\/wp-content\/uploads\/2019\/09\/IMG_5808.jpg\" alt=\"\" class=\"wp-image-3762\" srcset=\"https:\/\/zonaroja.com.mx\/wp-content\/uploads\/2019\/09\/IMG_5808.jpg 967w, https:\/\/zonaroja.com.mx\/wp-content\/uploads\/2019\/09\/IMG_5808-300x253.jpg 300w, https:\/\/zonaroja.com.mx\/wp-content\/uploads\/2019\/09\/IMG_5808-768x647.jpg 768w, https:\/\/zonaroja.com.mx\/wp-content\/uploads\/2019\/09\/IMG_5808-585x493.jpg 585w\" sizes=\"(max-width: 967px) 100vw, 967px\" \/><\/figure>\n\n\n\n<p>Mientras\ntanto, la Secretar\u00eda de Seguridad P\u00fablica de Oaxaca inform\u00f3 de un megoperatvo\nconjunto en un domicilio de la colonia L\u00e1zaro C\u00e1rdenas de la S\u00e9ptima Secci\u00f3n de\nJuchit\u00e1n, efectuado en la tarde.<\/p>\n\n\n\n<p>Adelant\u00f3 que se detuvieron a cinco personas presuntos integrantes de una organizaci\u00f3n delictiva y se hallaron veh\u00edculos, dinero en efectivo, armas y veh\u00edculos. Participaron elementos de la Guardia Nacional y de la Agencia Estatal de Investigaciones, dependiente de la Fiscal\u00eda General del Estado.<\/p>\n\n\n\n<p>A su vez, la tarde de este s\u00e1bado, al secretario de Seguridad P\u00fablica de Oaxaca, Ra\u00fal Ernesto Salcedo Rosales, se le vio paseando en una motocicleta de lujo, con dos escoltas, en la zona norte de la capital; presuntamente realizaba operativos de disuaci\u00f3n.<\/p>\n","protected":false},"excerpt":{"rendered":"<p>Redacci\u00f3n\/Zona Roja. Oaxaca de Ju\u00e1rez, Oax., 7 de septiembre de 2019.- Mientras polic\u00edas y militares&hellip;<\/p>\n","protected":false},"author":2,"featured_media":3763,"comment_status":"closed","ping_status":"open","sticky":false,"template":"","format":"standard","meta":{"_lmt_disableupdate":"","_lmt_disable":"","_jetpack_memberships_contains_paid_content":false,"footnotes":""},"categories":[109,51],"tags":[123],"class_list":["post-3761","post","type-post","status-publish","format-standard","has-post-thumbnail","hentry","category-minuto-a-minuto","category-zona-roja","tag-juchitan-de-zaragoza"],"jetpack_featured_media_url":"https:\/\/zonaroja.com.mx\/wp-content\/uploads\/2019\/09\/127bf08c-5583-4a89-851b-56cf7b2c186f.jpg","jetpack_sharing_enabled":true,"_links":{"self":[{"href":"https:\/\/zonaroja.com.mx\/index.php?rest_route=\/wp\/v2\/posts\/3761","targetHints":{"allow":["GET"]}}],"collection":[{"href":"https:\/\/zonaroja.com.mx\/index.php?rest_route=\/wp\/v2\/posts"}],"about":[{"href":"https:\/\/zonaroja.com.mx\/index.php?rest_route=\/wp\/v2\/types\/post"}],"author":[{"embeddable":true,"href":"https:\/\/zonaroja.com.mx\/index.php?rest_route=\/wp\/v2\/users\/2"}],"replies":[{"embeddable":true,"href":"https:\/\/zonaroja.com.mx\/index.php?rest_route=%2Fwp%2Fv2%2Fcomments&post=3761"}],"version-history":[{"count":1,"href":"https:\/\/zonaroja.com.mx\/index.php?rest_route=\/wp\/v2\/posts\/3761\/revisions"}],"predecessor-version":[{"id":3764,"href":"https:\/\/zonaroja.com.mx\/index.php?rest_route=\/wp\/v2\/posts\/3761\/revisions\/3764"}],"wp:featuredmedia":[{"embeddable":true,"href":"https:\/\/zonaroja.com.mx\/index.php?rest_route=\/wp\/v2\/media\/3763"}],"wp:attachment":[{"href":"https:\/\/zonaroja.com.mx\/index.php?rest_route=%2Fwp%2Fv2%2Fmedia&parent=3761"}],"wp:term":[{"taxonomy":"category","embeddable":true,"href":"https:\/\/zonaroja.com.mx\/index.php?rest_route=%2Fwp%2Fv2%2Fcategories&post=3761"},{"taxonomy":"post_tag","embeddable":true,"href":"https:\/\/zonaroja.com.mx\/index.php?rest_route=%2Fwp%2Fv2%2Ftags&post=3761"}],"curies":[{"name":"wp","href":"https:\/\/api.w.org\/{rel}","templated":true}]}}