{"id":37615,"date":"2022-02-15T07:35:28","date_gmt":"2022-02-15T13:35:28","guid":{"rendered":"http:\/\/www.zonaroja.com.mx\/?p=37615"},"modified":"2022-02-15T07:35:31","modified_gmt":"2022-02-15T13:35:31","slug":"burla-delincuencia-blindaje-en-istmo-un-ejecutado-y-asalto-en-palacio-municipal","status":"publish","type":"post","link":"https:\/\/zonaroja.com.mx\/?p=37615","title":{"rendered":"Burla delincuencia \u201cblindaje\u201d en Istmo: un ejecutado y asalto en palacio municipal"},"content":{"rendered":"\n<p>Ismael Garc\u00eda M.\/Zona Roja.<\/p>\n\n\n\n<p>Oaxaca de Ju\u00e1rez, Oax., 15 de febrero de 2022.- A pesar de que desde la semana pasada los tres niveles de gobierno reforzaron la seguridad en la regi\u00f3n del Istmo de Tehuantepec, la delincuencia burl\u00f3 este \u201cblindaje\u201d policiaco.<\/p>\n\n\n\n<p>Cerca de la media noche de ayer, una persona del sexo masculino fue atacada a balazos en el exterior del centro comercial m\u00e1s grande de Salina Cruz; perdi\u00f3 la vida cuando recib\u00eda atenci\u00f3n m\u00e9dica.<\/p>\n\n\n\n<p>Fue alrededor de las 23:00 horas en que sujetos armados atacaron al joven frente a la Plaza Pabell\u00f3n, ubicada a un costado de la carretera Tehuantepec-Salina Cruz, cuando se encontraba en su motocicleta.<\/p>\n\n\n\n<p>Hasta ahora la v\u00edctima a\u00fan no ha sido identificada y se presume que fueron dos sujetos tambi\u00e9n a bordo de una motocicleta que lo atacaron a balazos.<\/p>\n\n\n\n<p>En Salina Cruz, apenas el pasado 10 de febrero asesinaron a otra persona, en este caso el periodista H\u00e9ber L\u00f3pez V\u00e1squez, en el local que ocupaba para su medio informativo digital.<\/p>\n\n\n\n<p>Por otra parte, la madrugada de hoy un comando ingres\u00f3 al palacio municipal de Mat\u00edas Romero Avenda\u00f1o, en la zona norte del Istmo de Tehuantepec.<\/p>\n\n\n\n<p>Los delincuentes sorprendieron a los polic\u00edas y los maniataron y encerraron, tras lo cual ingresaron a la tesorer\u00eda, en el cual se presume se apoderaron de un cuantioso bot\u00edn en efectivo.<\/p>\n\n\n\n<p>Huyeron sin que hubiera ninguna persecuci\u00f3n policiaca sino m\u00e1s tarde, en que arribaron corporaciones policiacas estatales y federales; hasta el momento no hay personas detenidas.<\/p>\n","protected":false},"excerpt":{"rendered":"<p>Ismael Garc\u00eda M.\/Zona Roja. Oaxaca de Ju\u00e1rez, Oax., 15 de febrero de 2022.- A pesar&hellip;<\/p>\n","protected":false},"author":2,"featured_media":37616,"comment_status":"closed","ping_status":"open","sticky":false,"template":"","format":"standard","meta":{"_lmt_disableupdate":"","_lmt_disable":"","_jetpack_memberships_contains_paid_content":false,"footnotes":""},"categories":[109,51],"tags":[168],"class_list":["post-37615","post","type-post","status-publish","format-standard","has-post-thumbnail","hentry","category-minuto-a-minuto","category-zona-roja","tag-salina-cruz"],"jetpack_featured_media_url":"https:\/\/zonaroja.com.mx\/wp-content\/uploads\/2022\/02\/Asesinado-Salina-Cruz-14feb.jpg","jetpack_sharing_enabled":true,"_links":{"self":[{"href":"https:\/\/zonaroja.com.mx\/index.php?rest_route=\/wp\/v2\/posts\/37615","targetHints":{"allow":["GET"]}}],"collection":[{"href":"https:\/\/zonaroja.com.mx\/index.php?rest_route=\/wp\/v2\/posts"}],"about":[{"href":"https:\/\/zonaroja.com.mx\/index.php?rest_route=\/wp\/v2\/types\/post"}],"author":[{"embeddable":true,"href":"https:\/\/zonaroja.com.mx\/index.php?rest_route=\/wp\/v2\/users\/2"}],"replies":[{"embeddable":true,"href":"https:\/\/zonaroja.com.mx\/index.php?rest_route=%2Fwp%2Fv2%2Fcomments&post=37615"}],"version-history":[{"count":1,"href":"https:\/\/zonaroja.com.mx\/index.php?rest_route=\/wp\/v2\/posts\/37615\/revisions"}],"predecessor-version":[{"id":37617,"href":"https:\/\/zonaroja.com.mx\/index.php?rest_route=\/wp\/v2\/posts\/37615\/revisions\/37617"}],"wp:featuredmedia":[{"embeddable":true,"href":"https:\/\/zonaroja.com.mx\/index.php?rest_route=\/wp\/v2\/media\/37616"}],"wp:attachment":[{"href":"https:\/\/zonaroja.com.mx\/index.php?rest_route=%2Fwp%2Fv2%2Fmedia&parent=37615"}],"wp:term":[{"taxonomy":"category","embeddable":true,"href":"https:\/\/zonaroja.com.mx\/index.php?rest_route=%2Fwp%2Fv2%2Fcategories&post=37615"},{"taxonomy":"post_tag","embeddable":true,"href":"https:\/\/zonaroja.com.mx\/index.php?rest_route=%2Fwp%2Fv2%2Ftags&post=37615"}],"curies":[{"name":"wp","href":"https:\/\/api.w.org\/{rel}","templated":true}]}}