{"id":37618,"date":"2022-02-15T08:02:44","date_gmt":"2022-02-15T14:02:44","guid":{"rendered":"http:\/\/www.zonaroja.com.mx\/?p=37618"},"modified":"2022-02-15T08:14:57","modified_gmt":"2022-02-15T14:14:57","slug":"en-oaxaca-otro-menor-victima-del-free-fire-lo-rescatan-en-la-capital","status":"publish","type":"post","link":"https:\/\/zonaroja.com.mx\/?p=37618","title":{"rendered":"En Oaxaca, otro menor v\u00edctima del \u201cFree Fire\u201d; lo rescatan en la capital"},"content":{"rendered":"\n<p>Redacci\u00f3n\/Zona Roja.<\/p>\n\n\n\n<p>Oaxaca de Ju\u00e1rez, Oax., 15 de febrero de 2022.- Otro menor de edad fue v\u00edctima en Oaxaca de los delincuentes que los enganchan a trav\u00e9s del juego \u201cFree Fire\u201d.<\/p>\n\n\n\n<p>Ahora fue un menor  que fue sacado con enga\u00f1os de lugar de origen, Heroica Ciudad de Tlaxiaco, en la regi\u00f3n Mixteca, la v\u00edspera del D\u00eda del Amor y la Amistad.<\/p>\n\n\n\n<p>El pasado domingo 13 de febrero por la tarde, el adolescente dej\u00f3 un recado a sus familiares disculp\u00e1ndose por ser \u201cun mal hijo\u201d, tras lo cual sus familiares dieron la voz de alerta.<\/p>\n\n\n\n<p>Seg\u00fan su madre, al ni\u00f1o le gustaba jugar \u201cFree Fire\u201d y ten\u00eda constantes conversaciones v\u00eda WhatsApp con personas desconocidas. Fue por as\u00ed como se enteraron que una mujer lo hab\u00eda citado ayer, D\u00eda del Amor y la Amistad, en Ixtapaluca, Estado de M\u00e9xico.<\/p>\n\n\n\n<p>Tras ello, corporaciones policiacas fueron alertadas y comenzaron a revisar distintos puntos de viaje y hospedaje.<\/p>\n\n\n\n<p>Fue en la capital oaxaque\u00f1a en que fue visto ayer por la ma\u00f1ana por un taxista, que dio parte a las autoridades. Tras ello, personal de la polic\u00eda municipal de Oaxaca de Ju\u00e1rez logr\u00f3 recuperarlo y resguardarlo.<\/p>\n\n\n\n<p>Finalmente tras procedimientos judiciales y policiales, fue entregado a sus familiares, que se trasladaron de la ciudad de Tlaxiaco a la capital para recuperarlo.<\/p>\n","protected":false},"excerpt":{"rendered":"<p>Redacci\u00f3n\/Zona Roja. Oaxaca de Ju\u00e1rez, Oax., 15 de febrero de 2022.- Otro menor de edad&hellip;<\/p>\n","protected":false},"author":2,"featured_media":37625,"comment_status":"closed","ping_status":"open","sticky":false,"template":"","format":"standard","meta":{"_lmt_disableupdate":"","_lmt_disable":"","_jetpack_memberships_contains_paid_content":false,"footnotes":""},"categories":[109,47],"tags":[643],"class_list":["post-37618","post","type-post","status-publish","format-standard","has-post-thumbnail","hentry","category-minuto-a-minuto","category-zona-gris","tag-heroica-ciudad-de-tlaxiaco"],"jetpack_featured_media_url":"https:\/\/zonaroja.com.mx\/wp-content\/uploads\/2022\/02\/Menor-secuestrado-secuestro-plagio.png","jetpack_sharing_enabled":true,"_links":{"self":[{"href":"https:\/\/zonaroja.com.mx\/index.php?rest_route=\/wp\/v2\/posts\/37618","targetHints":{"allow":["GET"]}}],"collection":[{"href":"https:\/\/zonaroja.com.mx\/index.php?rest_route=\/wp\/v2\/posts"}],"about":[{"href":"https:\/\/zonaroja.com.mx\/index.php?rest_route=\/wp\/v2\/types\/post"}],"author":[{"embeddable":true,"href":"https:\/\/zonaroja.com.mx\/index.php?rest_route=\/wp\/v2\/users\/2"}],"replies":[{"embeddable":true,"href":"https:\/\/zonaroja.com.mx\/index.php?rest_route=%2Fwp%2Fv2%2Fcomments&post=37618"}],"version-history":[{"count":2,"href":"https:\/\/zonaroja.com.mx\/index.php?rest_route=\/wp\/v2\/posts\/37618\/revisions"}],"predecessor-version":[{"id":37626,"href":"https:\/\/zonaroja.com.mx\/index.php?rest_route=\/wp\/v2\/posts\/37618\/revisions\/37626"}],"wp:featuredmedia":[{"embeddable":true,"href":"https:\/\/zonaroja.com.mx\/index.php?rest_route=\/wp\/v2\/media\/37625"}],"wp:attachment":[{"href":"https:\/\/zonaroja.com.mx\/index.php?rest_route=%2Fwp%2Fv2%2Fmedia&parent=37618"}],"wp:term":[{"taxonomy":"category","embeddable":true,"href":"https:\/\/zonaroja.com.mx\/index.php?rest_route=%2Fwp%2Fv2%2Fcategories&post=37618"},{"taxonomy":"post_tag","embeddable":true,"href":"https:\/\/zonaroja.com.mx\/index.php?rest_route=%2Fwp%2Fv2%2Ftags&post=37618"}],"curies":[{"name":"wp","href":"https:\/\/api.w.org\/{rel}","templated":true}]}}