{"id":37623,"date":"2022-02-15T08:12:29","date_gmt":"2022-02-15T14:12:29","guid":{"rendered":"http:\/\/www.zonaroja.com.mx\/?p=37623"},"modified":"2022-02-15T08:12:32","modified_gmt":"2022-02-15T14:12:32","slug":"opinion-amlo-y-loret-el-problema-es-que-no-hay-estado-de-derecho","status":"publish","type":"post","link":"https:\/\/zonaroja.com.mx\/?p=37623","title":{"rendered":"Opini\u00f3n. AMLO y Loret: el problema es que no hay Estado de Derecho"},"content":{"rendered":"\n<p>Adri\u00e1n Ortiz Romero Cuevas<\/p>\n\n\n\n<p>El Presidente de M\u00e9xico se equivoca en la apreciaci\u00f3n de que s\u00ed tiene derecho a interpelar a cualquier otro ciudadano \u2014sea o no periodista\u2014, porque el pa\u00eds que gobierna tiene un problema grav\u00edsimo, transversal, que radica en la debilidad (\u00bfo inexistencia?) del Estado de Derecho.<\/p>\n\n\n\n<p>En un aut\u00e9ntico panorama en el que estuviera garantizada la integridad y la seguridad de todas las personas, el di\u00e1logo entre dos entes de poder \u2014un gobernante y un periodista\u2014 s\u00ed podr\u00eda ser equitativo incluso en la interpelaci\u00f3n. Pero en M\u00e9xico estamos lejos de ello.<\/p>\n\n\n\n<p>En efecto, a lo largo de m\u00e1s de 15 d\u00edas el Presidente se ha mostrado iracundo por la revelaci\u00f3n period\u00edstica de que su hijo y su nuera habitaron una casona en la ciudad de Houston Texas, en los Estados Unidos, cuyo propietario es un alto ejecutivo de una empresa petrolera para la que ella trabaja, que a su vez es contratista de Petr\u00f3leos Mexicanos y que durante la actual administraci\u00f3n ha recibido millonarias extensiones a los contratos que tiene firmados con la empresa petrolera del Estado mexicano.<\/p>\n\n\n\n<p>Durante todo ese tiempo, ni el Presidente ni su hijo han alcanzado a dar una explicaci\u00f3n coherente y clara de por qu\u00e9 no existe conflicto de inter\u00e9s, ni posible tr\u00e1fico de influencias, en las evidentes conexiones que existen entre la familia del hijo del Presidente con la empresa petrolera estadounidense.<\/p>\n\n\n\n<p>El uso de la casona \u2014que no queda claro a\u00fan si fue a t\u00edtulo oneroso o gratuito\u2014 y los negocios que en ese mismo periodo ha realizado con el gobierno mexicano. Aunque la presunci\u00f3n de inocencia contin\u00faa a favor de Jos\u00e9 Ram\u00f3n L\u00f3pez Beltr\u00e1n, es claro que de todos modos ese enredo lo sit\u00faa \u2014por lo menos\u2014 en lo que dice la conseja popular de no hacer cosas buenas que parecen malas.<\/p>\n\n\n\n<p>El Presidente, sin embargo, opt\u00f3 por una postura aparentemente ultra progresista. Se dijo ajeno al problema \u2014aunque se percibe muy enojado\u2014 y prefiri\u00f3 cuestionar el origen de los recursos que seg\u00fan ha percibido el periodista que encabez\u00f3 la difusi\u00f3n del reportaje que revel\u00f3 las condiciones en las que vive su hijo en los Estados Unidos.<\/p>\n\n\n\n<p>Afirmamos que la postura presidencial fue aparentemente ultra progresista, porque el Primer Mandatario decidi\u00f3 no guardar las acartonadas formas del presidencialismo tradicional mexicano, y opt\u00f3 por increpar al periodista: primero lo insult\u00f3 y descalific\u00f3 \u2014como hace cotidianamente con todo aquel que no coincide con sus ideas\u2014, pero despu\u00e9s fue m\u00e1s all\u00e1 al afirmar que Loret es financiado por sus adversarios.<\/p>\n\n\n\n<p>El punto c\u00faspide de este periplo ocurri\u00f3 el pasado 11 de febrero cuando dijo que \u201calguien\u201d hab\u00eda dejado \u201cun papelito\u201d en Palacio Nacional con los montos que seg\u00fan percibi\u00f3 Loret en 2021 de las empresas para las que trabaja. Quiz\u00e1 el Presidente quer\u00eda demostrar que a \u00e9l no lo asusta un periodista, y que tiene los elementos y las agallas suficientes para tambi\u00e9n cuestionarlo.<\/p>\n\n\n\n<p>Difundir sus ingresos, seg\u00fan la l\u00f3gica presidencial, revelar\u00eda que \u00e9l es parte de una oligarqu\u00eda que est\u00e1 intentando hacer todo para desestabilizar el movimiento social que \u00e9l encabeza.<\/p>\n\n\n\n<p>Algo as\u00ed como que Loret es parte de la clase \u201cfif\u00ed\u201d que no quiere que el \u201cpueblo\u201d \u2014ese amasijo amorfo que \u00e9l encabeza, y que bien puede ser todo o nada\u2014 asuma el control de las riquezas y los bienes que deb\u00edan beneficiar a todos los mexicanos y no s\u00f3lo a una minor\u00eda. Hasta ah\u00ed, la l\u00f3gica presidencial parec\u00eda perfecta.<\/p>\n\n\n\n<p>Lo habr\u00eda sido si en M\u00e9xico no hubiera tantos periodistas hostigados, amenazados y asesinados. Y como si M\u00e9xico no fuera tierra f\u00e9rtil para los grupos criminales que no quieren a los periodistas y que, en general, no quieren a nadie\u2026 y que por eso extorsionan, lesionan, secuestran y matan impunemente a todo aquel que no coincide con sus intereses.<\/p>\n\n\n\n<p>NO HAY ESTADO DE DERECHO<\/p>\n\n\n\n<p>Fue Loret pero pudo haber sido cualquier otro, y el resultado habr\u00eda sido el mismo. El Presidente exhibi\u00f3 sus supuestos ingresos \u2014porque no tiene forma de asegurar que Loret gana lo que \u00e9l dice que percibe\u2014 y con eso lo puso en la mira de todos aquellos que ven en M\u00e9xico tierra f\u00e9rtil para la ma\u00f1a.<\/p>\n\n\n\n<p>Al afirmar que gana 35 millones de pesos al a\u00f1o lo convierte en autom\u00e1tico en blanco f\u00e1cil y certero para quienes roban, asaltan, extorsionan, secuestran y matan por dinero. Porque en M\u00e9xico cualquier persona con ingresos superiores a la media, es un objetivo permanente de la delincuencia.<\/p>\n\n\n\n<p>Ah\u00ed es donde la enga\u00f1osa postura ultra progresista de AMLO choc\u00f3 con la realidad. Quiz\u00e1 en cualquier pa\u00eds de primer mundo, donde todos absolutamente tienen garantizado el respeto a su integridad, dos entes representantes de poderes s\u00ed pueden increparse p\u00fablicamente sin poner en riesgo su persona o a sus familias.<\/p>\n\n\n\n<p>S\u00ed, aunque en un pa\u00eds de primer mundo, en donde cada quien entiende su papel y sus l\u00edmites, a\u00fan frente a un posible ejercicio excedido del oficio period\u00edstico, un Presidente no ser\u00eda el primer promotor de descalificar a un ciudadano a partir de sus ingresos, y menos haber obtenido esos datos, y exhibirlos, utilizando \u2014y abusando\u2014 el acceso a informaci\u00f3n confidencial \u2014como los ingresos y datos fiscales de un ciudadano\u2014 que le permite su cargo. Eso, aqu\u00ed y en todos lados, se llama abuso de poder.<\/p>\n\n\n\n<p>Por eso la decisi\u00f3n de L\u00f3pez Obrador de confrontar a la prensa a partir del origen de sus recursos, constituye una peligrosa estratagema que alimenta los peores vicios de nuestra sociedad. Y es que, si el estado de derecho se define como un principio de gobernanza en el que todas las personas, instituciones y entidades, p\u00fablicas y privadas, incluido el propio Estado, est\u00e1n sometidas a leyes que se promulgan p\u00fablicamente, se hacen cumplir por igual y se aplican con independencia, adem\u00e1s de ser compatibles con las normas y los principios internacionales de derechos humanos; y que asimismo exige que se adopten medidas para garantizar el respeto de los principios de primac\u00eda de la ley, igualdad ante la ley, separaci\u00f3n de poderes, participaci\u00f3n en la adopci\u00f3n de decisiones, legalidad, no arbitrariedad, y transparencia procesal y legal, queda claro que en M\u00e9xico eso no se cumple.<\/p>\n\n\n\n<p>Por eso al increpar a un periodista, el Presidente lo pone en riesgo, pues lo coloca en una situaci\u00f3n en la que el Ejecutivo federal no s\u00f3lo deja de ser garante del ejercicio de la libertad de expresi\u00f3n, sino que es uno m\u00e1s del amplio grupo de personas a las que no le gusta que se piense y se publique libremente.<\/p>\n\n\n\n<p>Al atacarlos y luego exhibir sus ingresos, el Presidente pone al periodista \u2014a cualquier persona, de hecho\u2014 en una doble posici\u00f3n de indefensi\u00f3n, pues por un lado repudia las libertades que le permiten ejercer su oficio, y lo pone como blanco de quienes son capaces de cometer cualquier delito \u2014la delincuencia organizada\u2014 con tal de arrebatarle su patrimonio a una persona.<\/p>\n\n\n\n<p>EPITAFIO<\/p>\n\n\n\n<p>Al final no es Loret. Es que AMLO parece que ya no entiende que, en muchos sentidos, M\u00e9xico es tierra de nadie.<\/p>\n\n\n\n<p>http:\/\/columnaalmargen.mx<\/p>\n\n\n\n<p>@columnaalmargen<\/p>\n\n\n\n<p>@ortizromeroc<\/p>\n","protected":false},"excerpt":{"rendered":"<p>Adri\u00e1n Ortiz Romero Cuevas El Presidente de M\u00e9xico se equivoca en la apreciaci\u00f3n de que&hellip;<\/p>\n","protected":false},"author":2,"featured_media":36612,"comment_status":"closed","ping_status":"open","sticky":false,"template":"","format":"standard","meta":{"_lmt_disableupdate":"","_lmt_disable":"","_jetpack_memberships_contains_paid_content":false,"footnotes":""},"categories":[456,109],"tags":[2994],"class_list":["post-37623","post","type-post","status-publish","format-standard","has-post-thumbnail","hentry","category-columna","category-minuto-a-minuto","tag-adrian-ortiz-romero-cuevas"],"jetpack_featured_media_url":"https:\/\/zonaroja.com.mx\/wp-content\/uploads\/2022\/01\/Adrian-Ortiz-Romero.jpg","jetpack_sharing_enabled":true,"_links":{"self":[{"href":"https:\/\/zonaroja.com.mx\/index.php?rest_route=\/wp\/v2\/posts\/37623","targetHints":{"allow":["GET"]}}],"collection":[{"href":"https:\/\/zonaroja.com.mx\/index.php?rest_route=\/wp\/v2\/posts"}],"about":[{"href":"https:\/\/zonaroja.com.mx\/index.php?rest_route=\/wp\/v2\/types\/post"}],"author":[{"embeddable":true,"href":"https:\/\/zonaroja.com.mx\/index.php?rest_route=\/wp\/v2\/users\/2"}],"replies":[{"embeddable":true,"href":"https:\/\/zonaroja.com.mx\/index.php?rest_route=%2Fwp%2Fv2%2Fcomments&post=37623"}],"version-history":[{"count":1,"href":"https:\/\/zonaroja.com.mx\/index.php?rest_route=\/wp\/v2\/posts\/37623\/revisions"}],"predecessor-version":[{"id":37624,"href":"https:\/\/zonaroja.com.mx\/index.php?rest_route=\/wp\/v2\/posts\/37623\/revisions\/37624"}],"wp:featuredmedia":[{"embeddable":true,"href":"https:\/\/zonaroja.com.mx\/index.php?rest_route=\/wp\/v2\/media\/36612"}],"wp:attachment":[{"href":"https:\/\/zonaroja.com.mx\/index.php?rest_route=%2Fwp%2Fv2%2Fmedia&parent=37623"}],"wp:term":[{"taxonomy":"category","embeddable":true,"href":"https:\/\/zonaroja.com.mx\/index.php?rest_route=%2Fwp%2Fv2%2Fcategories&post=37623"},{"taxonomy":"post_tag","embeddable":true,"href":"https:\/\/zonaroja.com.mx\/index.php?rest_route=%2Fwp%2Fv2%2Ftags&post=37623"}],"curies":[{"name":"wp","href":"https:\/\/api.w.org\/{rel}","templated":true}]}}