{"id":37630,"date":"2022-02-15T08:40:42","date_gmt":"2022-02-15T14:40:42","guid":{"rendered":"http:\/\/www.zonaroja.com.mx\/?p=37630"},"modified":"2022-02-15T08:40:44","modified_gmt":"2022-02-15T14:40:44","slug":"crece-retencion-de-autoridades-en-oaxaca-la-segego-ausente","status":"publish","type":"post","link":"https:\/\/zonaroja.com.mx\/?p=37630","title":{"rendered":"Crece retenci\u00f3n de autoridades en Oaxaca; la Segego, ausente"},"content":{"rendered":"\n<p>Yuridiana Sosa\/Zona Roja.<\/p>\n\n\n\n<p>Oaxaca de Ju\u00e1rez, Oax., 15 de febrero de 2022.- La retenci\u00f3n de autoridades municipales en Oaxaca se ha acentuado este inicio de a\u00f1o, con al menos tres ediles que han sido sometidos a esta acci\u00f3n de sus gobernantes.<\/p>\n\n\n\n<p>El encarcelamiento provisional de las autoridades son parte de un mecanismo radical de protesta, de denuncia y para ser atendidos de forma inmediata por la Secretar\u00eda General de Gobierno, ante tard\u00edas y nulas respuestas a sus peticiones.<\/p>\n\n\n\n<p>Se trata de casos que tienen en com\u00fan que son municipios regidos por Sistemas Normativos Interno (SNI), donde los ciudadanos exigen la rendici\u00f3n de cuentas.<\/p>\n\n\n\n<p>El caso m\u00e1s reciente ocurri\u00f3 el pasado 12 de febrero, contra el presidente municipal de San Sebasti\u00e1n Teitipac, Ezequiel Hern\u00e1ndez, que fue retenido en la c\u00e1rcel municipal para exigirle informes de la implementaci\u00f3n de recursos municipales.<\/p>\n\n\n\n<p>De acuerdo a los pobladores de esta comunidad de los Valles Centrales, el Comit\u00e9 de Contralor\u00eda les inform\u00f3 que no existen datos de la situaci\u00f3n financiera del ayuntamiento, as\u00ed como que presuntamente el edil trata de encubrir al tesorero municipal, y que la situaci\u00f3n puede deberse a un desv\u00edo de recursos.<\/p>\n\n\n\n<p>Por lo que demandaron la intervenci\u00f3n de la Secretar\u00eda General de Gobierno (Segego), sin embargo, la atenci\u00f3n no rindi\u00f3 frutos, pues hasta el lunes el presidente continuaba retenido en la c\u00e1rcel municipal.<\/p>\n\n\n\n<p>Durante enero se registraron dos eventos m\u00e1s. El presidente de San Mart\u00edn Peras, del distrito de Juxtlahuaca en la regi\u00f3n Mixteca, Rom\u00e1n Ju\u00e1rez estuvo encarcelado por casi tres semanas.<\/p>\n\n\n\n<p>Este conflicto deriv\u00f3 en la renuncia del edil y tambi\u00e9n arroj\u00f3 como v\u00edctimas a otras personas integrantes de su familia.<\/p>\n\n\n\n<p>Adem\u00e1s, este problema para exigir cuentas claras de los recursos sali\u00f3 del municipio y ocasion\u00f3 manifestaciones en Ciudad Administrativa y en la sede del Congreso del Estado, donde por varias horas el personal estuvo \u201cretenido\u201d en las instalaciones por la \u201ctoma\u201d del complejo por parte de los manifestantes, quienes presuntamente presentaron al edil atado de pies y manos.<\/p>\n\n\n\n<p>Pero la inestabilidad en la comunidad tambi\u00e9n ocasion\u00f3 la retenci\u00f3n de tres integrantes del Comisariado de Bienes Comunales de Coicoy\u00e1n de las Flores por parte de habitantes de la agencia de San Mart\u00edn Peras, agencia de San Mart\u00edn Peras, por presuntamente invadir predios.<\/p>\n\n\n\n<p>A inicios de enero, otro caso se registr\u00f3 en la Sierra Norte, en el municipio de Ixtl\u00e1n de Ju\u00e1rez. En esta localidad el edil Leopoldo Nicol\u00e1s Santiago fue retenido por habitantes de la comunidad de Santiago Teotlasco, tambi\u00e9n por razones de dinero.<\/p>\n\n\n\n<p>Aunque se trataban de fianzas desde el a\u00f1o 2014, esta medida fue para presionar al gobierno del estado a que solucione sobre un recurso de m\u00e1s de 400 mil pesos a beneficio de su comunidad, pues a pesar de diversos tr\u00e1mites en dependencias estatales no tienen respuesta.<\/p>\n\n\n\n<p>Junto con el edil tambi\u00e9n se retuvo en esa comunidad al regidor de Hacienda, Melchor Morales Ruiz, y de acuerdo a un comunicado de la poblaci\u00f3n, ambas autoridades no se encontraban encarceladas, sino que iban a permanecer en la comunidad en \u201casamblea permanente\u201d, hasta que cumpla con el pago de los recursos presupuestales que tambi\u00e9n exigieron.<\/p>\n\n\n\n<p>La intervenci\u00f3n de la Segego ha sido tard\u00eda y con largos procesos para que se puedan destrabar los conflictos en las comunidades.<\/p>\n","protected":false},"excerpt":{"rendered":"<p>Yuridiana Sosa\/Zona Roja. Oaxaca de Ju\u00e1rez, Oax., 15 de febrero de 2022.- La retenci\u00f3n de&hellip;<\/p>\n","protected":false},"author":2,"featured_media":37631,"comment_status":"closed","ping_status":"open","sticky":false,"template":"","format":"standard","meta":{"_lmt_disableupdate":"","_lmt_disable":"","_jetpack_memberships_contains_paid_content":false,"footnotes":""},"categories":[109],"tags":[2121],"class_list":["post-37630","post","type-post","status-publish","format-standard","has-post-thumbnail","hentry","category-minuto-a-minuto","tag-secretaria-general-de-gobierno-segego"],"jetpack_featured_media_url":"https:\/\/zonaroja.com.mx\/wp-content\/uploads\/2022\/02\/Francisco-Garcia-Lopez.jpg","jetpack_sharing_enabled":true,"_links":{"self":[{"href":"https:\/\/zonaroja.com.mx\/index.php?rest_route=\/wp\/v2\/posts\/37630","targetHints":{"allow":["GET"]}}],"collection":[{"href":"https:\/\/zonaroja.com.mx\/index.php?rest_route=\/wp\/v2\/posts"}],"about":[{"href":"https:\/\/zonaroja.com.mx\/index.php?rest_route=\/wp\/v2\/types\/post"}],"author":[{"embeddable":true,"href":"https:\/\/zonaroja.com.mx\/index.php?rest_route=\/wp\/v2\/users\/2"}],"replies":[{"embeddable":true,"href":"https:\/\/zonaroja.com.mx\/index.php?rest_route=%2Fwp%2Fv2%2Fcomments&post=37630"}],"version-history":[{"count":1,"href":"https:\/\/zonaroja.com.mx\/index.php?rest_route=\/wp\/v2\/posts\/37630\/revisions"}],"predecessor-version":[{"id":37632,"href":"https:\/\/zonaroja.com.mx\/index.php?rest_route=\/wp\/v2\/posts\/37630\/revisions\/37632"}],"wp:featuredmedia":[{"embeddable":true,"href":"https:\/\/zonaroja.com.mx\/index.php?rest_route=\/wp\/v2\/media\/37631"}],"wp:attachment":[{"href":"https:\/\/zonaroja.com.mx\/index.php?rest_route=%2Fwp%2Fv2%2Fmedia&parent=37630"}],"wp:term":[{"taxonomy":"category","embeddable":true,"href":"https:\/\/zonaroja.com.mx\/index.php?rest_route=%2Fwp%2Fv2%2Fcategories&post=37630"},{"taxonomy":"post_tag","embeddable":true,"href":"https:\/\/zonaroja.com.mx\/index.php?rest_route=%2Fwp%2Fv2%2Ftags&post=37630"}],"curies":[{"name":"wp","href":"https:\/\/api.w.org\/{rel}","templated":true}]}}