{"id":37637,"date":"2022-02-15T19:11:07","date_gmt":"2022-02-16T01:11:07","guid":{"rendered":"http:\/\/www.zonaroja.com.mx\/?p=37637"},"modified":"2022-02-15T19:11:10","modified_gmt":"2022-02-16T01:11:10","slug":"autoridades-serranas-se-deslindan-de-apoyo-a-aspirante-de-la-candidatura-indigena","status":"publish","type":"post","link":"https:\/\/zonaroja.com.mx\/?p=37637","title":{"rendered":"Autoridades serranas se deslindan de apoyo a aspirante de la candidatura ind\u00edgena"},"content":{"rendered":"\n<p>Yuridiana Sosa\/Zona Roja.<\/p>\n\n\n\n<p>Oaxaca de Ju\u00e1rez, Oax., 15 de febrero de 2022.- La Uni\u00f3n Liberal de Ayuntamientos del Distrito de Ixtl\u00e1n de Ju\u00e1rez (ULADI) neg\u00f3 la existencia de un respaldo pol\u00edtico al aspirante de la candidatura independiente ind\u00edgena, Mauricio Cruz Vargas, presentado la semana pasada por la Uni\u00f3n de Autoridades de los Pueblos Originarios de Oaxaca (UNAPO).<\/p>\n\n\n\n<p>El aspirante es originario del municipio de Abejones, de la Sierra Norte, y durante su presentaci\u00f3n el pasado 8 de febrero se dijo que 160 autoridades de los pueblos originarios lo respaldan.<\/p>\n\n\n\n<p>Ante el hecho, por medio de un pronunciamiento, las autoridades de 26 ayuntamientos de la Sierra Norte, que integran la ULADI, manifestaron su respeto a la intenci\u00f3n pol\u00edtica de Cruz Vargas, pero debido a la naturaleza de su grupo &#8211;por su origen, diversidad y conformaci\u00f3n&#8211; no pueden expresar el apoyo pol\u00edtico, ni puede integrarse a una ex estructura electoral a favor de alg\u00fan precandidato o candidato.<\/p>\n\n\n\n<p>Las limitaciones de esta agrupaci\u00f3n, precisaron, no interfieren en el respaldo pol\u00edtico que de forma particular alg\u00fan presidente municipal que forme parte de la ULADI pueda ofrecer a un aspirante a la gubernatura de Oaxaca.<\/p>\n\n\n\n<p>Para que la ULADI pueda manifestar su apoyo a un proyecto pol\u00edtico, la propuesta debe pasar por las asambleas comunitarias de cada municipio que representa, los cuales son regidos por sistemas normativos ind\u00edgenas, aclar\u00f3.<\/p>\n\n\n\n<p>Frente al proceso electoral de este a\u00f1o para la renovaci\u00f3n del Poder Ejecutivo en Oaxaca, la Uni\u00f3n agreg\u00f3 que est\u00e1n abiertos al di\u00e1logo democr\u00e1tico con el sector p\u00fablico, actores pol\u00edticos y en su momento con las y los candidatos a la gubernatura para conocer su visi\u00f3n y propuesta a sus problem\u00e1ticas espec\u00edficas.<\/p>\n","protected":false},"excerpt":{"rendered":"<p>Yuridiana Sosa\/Zona Roja. Oaxaca de Ju\u00e1rez, Oax., 15 de febrero de 2022.- La Uni\u00f3n Liberal&hellip;<\/p>\n","protected":false},"author":2,"featured_media":37638,"comment_status":"closed","ping_status":"open","sticky":false,"template":"","format":"standard","meta":{"_lmt_disableupdate":"","_lmt_disable":"","_jetpack_memberships_contains_paid_content":false,"footnotes":""},"categories":[109,47],"tags":[3033],"class_list":["post-37637","post","type-post","status-publish","format-standard","has-post-thumbnail","hentry","category-minuto-a-minuto","category-zona-gris","tag-mauricio-cruz-vargas"],"jetpack_featured_media_url":"https:\/\/zonaroja.com.mx\/wp-content\/uploads\/2022\/02\/Mauricio-Cruz-Vargas-candidato-indigena.jpg","jetpack_sharing_enabled":true,"_links":{"self":[{"href":"https:\/\/zonaroja.com.mx\/index.php?rest_route=\/wp\/v2\/posts\/37637","targetHints":{"allow":["GET"]}}],"collection":[{"href":"https:\/\/zonaroja.com.mx\/index.php?rest_route=\/wp\/v2\/posts"}],"about":[{"href":"https:\/\/zonaroja.com.mx\/index.php?rest_route=\/wp\/v2\/types\/post"}],"author":[{"embeddable":true,"href":"https:\/\/zonaroja.com.mx\/index.php?rest_route=\/wp\/v2\/users\/2"}],"replies":[{"embeddable":true,"href":"https:\/\/zonaroja.com.mx\/index.php?rest_route=%2Fwp%2Fv2%2Fcomments&post=37637"}],"version-history":[{"count":1,"href":"https:\/\/zonaroja.com.mx\/index.php?rest_route=\/wp\/v2\/posts\/37637\/revisions"}],"predecessor-version":[{"id":37639,"href":"https:\/\/zonaroja.com.mx\/index.php?rest_route=\/wp\/v2\/posts\/37637\/revisions\/37639"}],"wp:featuredmedia":[{"embeddable":true,"href":"https:\/\/zonaroja.com.mx\/index.php?rest_route=\/wp\/v2\/media\/37638"}],"wp:attachment":[{"href":"https:\/\/zonaroja.com.mx\/index.php?rest_route=%2Fwp%2Fv2%2Fmedia&parent=37637"}],"wp:term":[{"taxonomy":"category","embeddable":true,"href":"https:\/\/zonaroja.com.mx\/index.php?rest_route=%2Fwp%2Fv2%2Fcategories&post=37637"},{"taxonomy":"post_tag","embeddable":true,"href":"https:\/\/zonaroja.com.mx\/index.php?rest_route=%2Fwp%2Fv2%2Ftags&post=37637"}],"curies":[{"name":"wp","href":"https:\/\/api.w.org\/{rel}","templated":true}]}}