{"id":37640,"date":"2022-02-15T19:30:53","date_gmt":"2022-02-16T01:30:53","guid":{"rendered":"http:\/\/www.zonaroja.com.mx\/?p=37640"},"modified":"2022-02-15T19:31:40","modified_gmt":"2022-02-16T01:31:40","slug":"susana-harp-pide-aclarar-si-precandidatura-de-oaxaca-se-definio-por-paridad-de-genero","status":"publish","type":"post","link":"https:\/\/zonaroja.com.mx\/?p=37640","title":{"rendered":"Susana Harp pide aclarar si precandidatura de Oaxaca se defini\u00f3 por paridad de g\u00e9nero"},"content":{"rendered":"\n<p>Redacci\u00f3n\/Zona Roja Cdmx.<\/p>\n\n\n\n<p>Ciudad de M\u00e9xico, 15 de febrero de 2022.- Susana Harp, aspirante a la candidatura de Morena por la gubernatura de Oaxaca, asegur\u00f3 que s\u00f3lo busca saber si la definici\u00f3n de la precandidatura se llev\u00f3 a cabo bajo la figura de paridad de g\u00e9nero, pues con base en sus n\u00fameros en la encuesta interna ella pudo ser la abanderada del partido.<\/p>\n\n\n\n<p>\u00abLo \u00fanico que estoy pidiendo es que me diga la Comisi\u00f3n de Honor y Justicia si tengo o no la raz\u00f3n, si se aplic\u00f3 o no la paridad de g\u00e9nero con igualdad sustantiva como est\u00e1 en la Constituci\u00f3n, no como alguien decidi\u00f3 aplicarla\u00bb, abund\u00f3.<\/p>\n\n\n\n<p>En entrevista con Elisa Alan\u00eds para MILENIO Televisi\u00f3n, la tambi\u00e9n senadora neg\u00f3 que por esta situaci\u00f3n vaya a abandonar Morena, pero reconoci\u00f3 haber recibido invitaciones de otros partidos pol\u00edticos.&nbsp;<\/p>\n\n\n\n<p>\u00abS\u00ed he tenido invitaciones y las agradezco, incluso hace poco fue el presidente nacional del PRI (Alejandro Moreno) y habl\u00f3 sobre m\u00ed. Es como si te pelearas con tu pareja y a la primera te quisieras salir de la casa\u00bb, explic\u00f3.&nbsp;<\/p>\n\n\n\n<p>Harp explic\u00f3 que con base en los resultados de las encuestas internas de Morena ella qued\u00f3 en segundo lugar como la mujer mejor posicionada en los seis estados en que renovar\u00e1n la gubernatura.&nbsp;<\/p>\n\n\n\n<p>\u00abLa decisi\u00f3n que tom\u00f3 la Comisi\u00f3n de Elecciones fue que en los primeros tres estados donde s\u00ed hab\u00eda competitividad no se aplicar\u00eda la paridad de g\u00e9nero y se aplicar\u00eda solamente en los tres estados donde Morena era menos competitivo\u00bb, asegur\u00f3.&nbsp;<\/p>\n","protected":false},"excerpt":{"rendered":"<p>Redacci\u00f3n\/Zona Roja Cdmx. Ciudad de M\u00e9xico, 15 de febrero de 2022.- Susana Harp, aspirante a&hellip;<\/p>\n","protected":false},"author":2,"featured_media":37641,"comment_status":"closed","ping_status":"open","sticky":false,"template":"","format":"standard","meta":{"_lmt_disableupdate":"","_lmt_disable":"","_jetpack_memberships_contains_paid_content":false,"footnotes":""},"categories":[109,46],"tags":[1685],"class_list":["post-37640","post","type-post","status-publish","format-standard","has-post-thumbnail","hentry","category-minuto-a-minuto","category-zona-blanca","tag-susana-harp-iturribarria"],"jetpack_featured_media_url":"https:\/\/zonaroja.com.mx\/wp-content\/uploads\/2022\/02\/Susana-Harp-Milenio.jpg","jetpack_sharing_enabled":true,"_links":{"self":[{"href":"https:\/\/zonaroja.com.mx\/index.php?rest_route=\/wp\/v2\/posts\/37640","targetHints":{"allow":["GET"]}}],"collection":[{"href":"https:\/\/zonaroja.com.mx\/index.php?rest_route=\/wp\/v2\/posts"}],"about":[{"href":"https:\/\/zonaroja.com.mx\/index.php?rest_route=\/wp\/v2\/types\/post"}],"author":[{"embeddable":true,"href":"https:\/\/zonaroja.com.mx\/index.php?rest_route=\/wp\/v2\/users\/2"}],"replies":[{"embeddable":true,"href":"https:\/\/zonaroja.com.mx\/index.php?rest_route=%2Fwp%2Fv2%2Fcomments&post=37640"}],"version-history":[{"count":1,"href":"https:\/\/zonaroja.com.mx\/index.php?rest_route=\/wp\/v2\/posts\/37640\/revisions"}],"predecessor-version":[{"id":37642,"href":"https:\/\/zonaroja.com.mx\/index.php?rest_route=\/wp\/v2\/posts\/37640\/revisions\/37642"}],"wp:featuredmedia":[{"embeddable":true,"href":"https:\/\/zonaroja.com.mx\/index.php?rest_route=\/wp\/v2\/media\/37641"}],"wp:attachment":[{"href":"https:\/\/zonaroja.com.mx\/index.php?rest_route=%2Fwp%2Fv2%2Fmedia&parent=37640"}],"wp:term":[{"taxonomy":"category","embeddable":true,"href":"https:\/\/zonaroja.com.mx\/index.php?rest_route=%2Fwp%2Fv2%2Fcategories&post=37640"},{"taxonomy":"post_tag","embeddable":true,"href":"https:\/\/zonaroja.com.mx\/index.php?rest_route=%2Fwp%2Fv2%2Ftags&post=37640"}],"curies":[{"name":"wp","href":"https:\/\/api.w.org\/{rel}","templated":true}]}}