{"id":37643,"date":"2022-02-15T20:11:24","date_gmt":"2022-02-16T02:11:24","guid":{"rendered":"http:\/\/www.zonaroja.com.mx\/?p=37643"},"modified":"2022-02-15T20:57:02","modified_gmt":"2022-02-16T02:57:02","slug":"union-europea-y-unesco-condenan-crimen-de-periodista-oaxaqueno","status":"publish","type":"post","link":"https:\/\/zonaroja.com.mx\/?p=37643","title":{"rendered":"Uni\u00f3n Europea y Unesco condenan crimen de periodista oaxaque\u00f1o"},"content":{"rendered":"\n<p>Ismael Garc\u00eda M.\/Zona Roja.<\/p>\n\n\n\n<p>Oaxaca de Ju\u00e1rez, Oax., 15 de febrero de 2022.- La Uni\u00f3n Europea (UE) y la Unesco se unieron a la condena internacional por el asesinato del periodista H\u00e9ber L\u00f3pez V\u00e1squez, crimen perpetrado el pasado 10 de febrero en Salina Cruz, Oaxaca.<\/p>\n\n\n\n<p>La UE emiti\u00f3 hoy una declaraci\u00f3n conjunta con Noruega y Suiza:<\/p>\n\n\n\n<p>\u201cCondenamos el asesinato del periodista Heber L\u00f3pez V\u00e1squez, ocurrido el 10 de febrero en Salina Cruz, Oaxaca. El Sr. Heber L\u00f3pez V\u00e1squez trabaj\u00f3 en diversos medios y fund\u00f3 su propio medio digital \u2018Noticias Web\u2019, donde publicaba noticias locales sobre pol\u00edtica y corrupci\u00f3n.<\/p>\n\n\n\n<p>\u201cEra reconocido por el gremio period\u00edstico en la zona. En 2019 tuvo incidentes con autoridades municipales documentados por una organizaci\u00f3n no gubernamental y denunci\u00f3 amenazas en su contra.<\/p>\n\n\n\n<figure class=\"wp-block-embed is-type-rich is-provider-twitter wp-block-embed-twitter\"><div class=\"wp-block-embed__wrapper\">\n<div class=\"twitter-tweet\"><blockquote class=\"twitter-tweet\" data-lang=\"es\"><p lang=\"es\" dir=\"ltr\">PA\u00cdSES DE LA UNI\u00d3N EUROPEA CONDENAN EL ASESINATO DE HEBER L\u00d3PEZ V\u00c1SQUEZ,  HECHOS LA SEMANA PASADA EN EL MUNICIPIO DE SALINA CRUZ OAXACA. <a href=\"https:\/\/t.co\/ugwd63Ck4J\">pic.twitter.com\/ugwd63Ck4J<\/a><\/p>&mdash; Rigoberto L\u00f3pez Alca (@rigobertoloar) <a href=\"https:\/\/twitter.com\/rigobertoloar\/status\/1493758915389140993?ref_src=twsrc%5Etfw\">16 de febrero de 2022<\/a><\/blockquote><\/div>\n<\/div><\/figure>\n\n\n\n<p>\u201cExpresamos nuestras condolencias y nuestra profunda solidaridad con la familia y amigos de la v\u00edctima\u201d, detall\u00f3 en el documento.<\/p>\n\n\n\n<p>Expres\u00f3 que la situaci\u00f3n de los cr\u00edmenes en contra de comunicadores en M\u00e9xico \u201cdemuestra una vez m\u00e1s el muy preocupante grado de violencia e intimidaci\u00f3n al que se enfrentan muchos periodistas en M\u00e9xico\u201d.<\/p>\n\n\n\n<p>\u201cTomamos nota que en este caso dos sospechosos fueron arrestados por la polic\u00eda. Reiteramos nuestro llamamiento a las autoridades mexicanas competentes, a nivel federal y estatal, para que desplieguen todos los esfuerzos posibles para proteger efectivamente a los periodistas para que puedan ejercer su labor sin tener que poner en riesgo sus vidas y, lleven a cabo investigaciones expeditas y transparentes con el fin de identificar y juzgar a los responsables para que no haya \u00abzonas de silencio\u00bb donde ning\u00fan periodista se atreva a trabajar.<\/p>\n\n\n\n<p>\u201cAnte el alarmante n\u00famero de agresiones contra periodistas en el pa\u00eds, urgimos a todas las autoridades competentes a hacer uso de todos los medios a su alcance para generar entornos favorables para que las personas periodistas en M\u00e9xico puedan ejercer su profesi\u00f3n libremente y sin amenazas, garantizar su protecci\u00f3n y evitar que el asesinato del Sr. Heber L\u00f3pez V\u00e1squez quede en la impunidad\u201d, remarc\u00f3 la Uni\u00f3n Europea.<\/p>\n\n\n\n<figure class=\"wp-block-embed is-type-rich is-provider-twitter wp-block-embed-twitter\"><div class=\"wp-block-embed__wrapper\">\n<div class=\"twitter-tweet\"><blockquote class=\"twitter-tweet\" data-lang=\"es\"><p lang=\"es\" dir=\"ltr\">La Directora General de la <a href=\"https:\/\/twitter.com\/UNESCO_es?ref_src=twsrc%5Etfw\">@UNESCO_es<\/a>, <a href=\"https:\/\/twitter.com\/AAzoulay?ref_src=twsrc%5Etfw\">@AAzoulay<\/a>, condena el asesinato del periodista mexicano Heber L\u00f3pez V\u00e1squez.<br><br>\u2139\ufe0f <a href=\"https:\/\/t.co\/fVpukrXBXz\">https:\/\/t.co\/fVpukrXBXz<\/a> <a href=\"https:\/\/t.co\/oCBKkUPZ5k\">pic.twitter.com\/oCBKkUPZ5k<\/a><\/p>&mdash; UNESCO M\u00e9xico (@UNESCOMexico) <a href=\"https:\/\/twitter.com\/UNESCOMexico\/status\/1493305201687728139?ref_src=twsrc%5Etfw\">14 de febrero de 2022<\/a><\/blockquote><\/div>\n<\/div><\/figure>\n\n\n\n<p>Por su parte, la directora general de la Unesco en M\u00e9xico, Audrey Azoulay, lament\u00f3 tambi\u00e9n los ataques a periodistas:<\/p>\n\n\n\n<p>\u201cCondeno el asesinato de Heber L\u00f3pez V\u00e1squez. Su muerte es un tr\u00e1gico recordatorio de los crecientes riesgos a los que se enfrentan los trabajadores de los medios de comunicaci\u00f3n cuando defienden la libertad de prensa y la libertad de informaci\u00f3n. Pido a las autoridades que investiguen este crimen y lleven a sus autores ante la justicia\u201d, expuso en un documento emitido este martes.<\/p>\n\n\n\n<p>\u201cLa UNESCO promueve la seguridad de los periodistas mediante campa\u00f1as mundiales de sensibilizaci\u00f3n, programas de formaci\u00f3n y a trav\u00e9s del Plan de Acci\u00f3n de las Naciones Unidas sobre la seguridad de los periodistas y la cuesti\u00f3n de la impunidad\u201d, remarc\u00f3.<\/p>\n","protected":false},"excerpt":{"rendered":"<p>Ismael Garc\u00eda M.\/Zona Roja. Oaxaca de Ju\u00e1rez, Oax., 15 de febrero de 2022.- La Uni\u00f3n&hellip;<\/p>\n","protected":false},"author":2,"featured_media":37644,"comment_status":"closed","ping_status":"open","sticky":false,"template":"","format":"standard","meta":{"_lmt_disableupdate":"","_lmt_disable":"","_jetpack_memberships_contains_paid_content":false,"footnotes":""},"categories":[109,47],"tags":[3029],"class_list":["post-37643","post","type-post","status-publish","format-standard","has-post-thumbnail","hentry","category-minuto-a-minuto","category-zona-gris","tag-heber-lopez-vasquez"],"jetpack_featured_media_url":"https:\/\/zonaroja.com.mx\/wp-content\/uploads\/2022\/02\/Condena-Union-Europea-caso-Heber-Lopez.jpg","jetpack_sharing_enabled":true,"_links":{"self":[{"href":"https:\/\/zonaroja.com.mx\/index.php?rest_route=\/wp\/v2\/posts\/37643","targetHints":{"allow":["GET"]}}],"collection":[{"href":"https:\/\/zonaroja.com.mx\/index.php?rest_route=\/wp\/v2\/posts"}],"about":[{"href":"https:\/\/zonaroja.com.mx\/index.php?rest_route=\/wp\/v2\/types\/post"}],"author":[{"embeddable":true,"href":"https:\/\/zonaroja.com.mx\/index.php?rest_route=\/wp\/v2\/users\/2"}],"replies":[{"embeddable":true,"href":"https:\/\/zonaroja.com.mx\/index.php?rest_route=%2Fwp%2Fv2%2Fcomments&post=37643"}],"version-history":[{"count":2,"href":"https:\/\/zonaroja.com.mx\/index.php?rest_route=\/wp\/v2\/posts\/37643\/revisions"}],"predecessor-version":[{"id":37647,"href":"https:\/\/zonaroja.com.mx\/index.php?rest_route=\/wp\/v2\/posts\/37643\/revisions\/37647"}],"wp:featuredmedia":[{"embeddable":true,"href":"https:\/\/zonaroja.com.mx\/index.php?rest_route=\/wp\/v2\/media\/37644"}],"wp:attachment":[{"href":"https:\/\/zonaroja.com.mx\/index.php?rest_route=%2Fwp%2Fv2%2Fmedia&parent=37643"}],"wp:term":[{"taxonomy":"category","embeddable":true,"href":"https:\/\/zonaroja.com.mx\/index.php?rest_route=%2Fwp%2Fv2%2Fcategories&post=37643"},{"taxonomy":"post_tag","embeddable":true,"href":"https:\/\/zonaroja.com.mx\/index.php?rest_route=%2Fwp%2Fv2%2Ftags&post=37643"}],"curies":[{"name":"wp","href":"https:\/\/api.w.org\/{rel}","templated":true}]}}