{"id":37648,"date":"2022-02-15T21:04:37","date_gmt":"2022-02-16T03:04:37","guid":{"rendered":"http:\/\/www.zonaroja.com.mx\/?p=37648"},"modified":"2022-02-15T21:05:47","modified_gmt":"2022-02-16T03:05:47","slug":"realizan-cambios-en-el-comite-directivo-del-pri-en-oaxaca","status":"publish","type":"post","link":"https:\/\/zonaroja.com.mx\/?p=37648","title":{"rendered":"Realizan cambios en el comit\u00e9 directivo del PRI en Oaxaca"},"content":{"rendered":"\n<p>Redacci\u00f3n\/Zona Roja.<\/p>\n\n\n\n<p>Oaxaca de Ju\u00e1rez, Oax., 15 de febrero de 2022.- Esta tarde y para fortalecer los trabajos del Comit\u00e9 Directivo Estatal, la dirigencia que encabeza Javier Villaca\u00f1a Jim\u00e9nez, tom\u00f3 protesta a los nuevos secretarios Ethelberto G\u00f3mez Fuentes como secretario de Gesti\u00f3n Social; Orlando Acevedo Cisneros como secretario de Acci\u00f3n Electoral; Edwin V\u00e1squez Nazario como secretario T\u00e9cnico de la presidencia y representante propietario del PRI ante el Consejo General del IEEPCO e INE.<\/p>\n\n\n\n<p>Se suman tambi\u00e9n Othoniel Pe\u00f1a Montor como secretario T\u00e9cnico del Consejo Pol\u00edtico Estatal; Yarith Tannos Cruz como secretaria de Organizaci\u00f3n; Edgar Patricio L\u00f3pez como secretario Jur\u00eddico y de Transparencia; Ivonne Atsiry Iriarte como secretaria del Deporte; Enrique L\u00f3pez Hern\u00e1ndez como secretario de Cultura; Yesenia Mu\u00f1oz Urban como contralora General; Fel\u00edcitas Hern\u00e1ndez como secretaria de Acci\u00f3n Ind\u00edgena, Lucero Robles Vega como secretaria de Asuntos Migratorios.<\/p>\n\n\n\n<figure class=\"wp-block-image size-full\"><a href=\"http:\/\/www.zonaroja.com.mx\/wp-content\/uploads\/2022\/02\/Cambios-comite-directivo-PRI-Oaxaca-1.jpg\" data-rel=\"penci-gallery-image-content\" ><img decoding=\"async\" width=\"1000\" height=\"666\" src=\"http:\/\/www.zonaroja.com.mx\/wp-content\/uploads\/2022\/02\/Cambios-comite-directivo-PRI-Oaxaca-1.jpg\" alt=\"\" class=\"wp-image-37649\" srcset=\"https:\/\/zonaroja.com.mx\/wp-content\/uploads\/2022\/02\/Cambios-comite-directivo-PRI-Oaxaca-1.jpg 1000w, https:\/\/zonaroja.com.mx\/wp-content\/uploads\/2022\/02\/Cambios-comite-directivo-PRI-Oaxaca-1-300x200.jpg 300w, https:\/\/zonaroja.com.mx\/wp-content\/uploads\/2022\/02\/Cambios-comite-directivo-PRI-Oaxaca-1-768x511.jpg 768w, https:\/\/zonaroja.com.mx\/wp-content\/uploads\/2022\/02\/Cambios-comite-directivo-PRI-Oaxaca-1-585x390.jpg 585w, https:\/\/zonaroja.com.mx\/wp-content\/uploads\/2022\/02\/Cambios-comite-directivo-PRI-Oaxaca-1-263x175.jpg 263w\" sizes=\"(max-width: 1000px) 100vw, 1000px\" \/><\/a><\/figure>\n\n\n\n<p>Leticia Vasconcelos Pe\u00f1a asume la Secretar\u00eda de Vinculaci\u00f3n con la Sociedad Civil; On\u00e9simo Bravo Hern\u00e1ndez como secretario de Vinculaci\u00f3n Empresarial y Emprendimiento; Felipe de Jes\u00fas Hern\u00e1ndez es secretario Adjunto de la Presidencia; Marcelo D\u00edaz de Le\u00f3n como coordinador de Delegados y Alba Donaj\u00ed Moreno Tello como secretaria Adjunta de la Presidencia en Derechos Humanos.<\/p>\n\n\n\n<p>Fueron ratificados tambi\u00e9n Herminio Cuevas Ch\u00e1vez como secretario de Operaci\u00f3n Pol\u00edtica; David Romero Villalobos como secretario de Finanzas; Francisco Alejandro Leyva Aguilar como secretario de Comunicaci\u00f3n Institucional y Mar\u00eda Eugenia Campa Miranda como secretaria de Atenci\u00f3n a las Personas Adultas Mayores.<\/p>\n\n\n\n<p>El presidente del CDE del PRI, Javier Villaca\u00f1a Jim\u00e9nez, conmin\u00f3 a estos nuevos integrantes del comit\u00e9 a usar todas sus capacidades, todo su talento e inteligencia en pro de los proyectos del Partido Revolucionario Institucional y en beneficio de los oaxaque\u00f1os.<\/p>\n","protected":false},"excerpt":{"rendered":"<p>Redacci\u00f3n\/Zona Roja. Oaxaca de Ju\u00e1rez, Oax., 15 de febrero de 2022.- Esta tarde y para&hellip;<\/p>\n","protected":false},"author":2,"featured_media":37650,"comment_status":"closed","ping_status":"open","sticky":false,"template":"","format":"standard","meta":{"_lmt_disableupdate":"","_lmt_disable":"","_jetpack_memberships_contains_paid_content":false,"footnotes":""},"categories":[109,46],"tags":[2456],"class_list":["post-37648","post","type-post","status-publish","format-standard","has-post-thumbnail","hentry","category-minuto-a-minuto","category-zona-blanca","tag-javier-villacana-jimenez"],"jetpack_featured_media_url":"https:\/\/zonaroja.com.mx\/wp-content\/uploads\/2022\/02\/Cambios-comite-directivo-PRI-Oaxaca-2.jpg","jetpack_sharing_enabled":true,"_links":{"self":[{"href":"https:\/\/zonaroja.com.mx\/index.php?rest_route=\/wp\/v2\/posts\/37648","targetHints":{"allow":["GET"]}}],"collection":[{"href":"https:\/\/zonaroja.com.mx\/index.php?rest_route=\/wp\/v2\/posts"}],"about":[{"href":"https:\/\/zonaroja.com.mx\/index.php?rest_route=\/wp\/v2\/types\/post"}],"author":[{"embeddable":true,"href":"https:\/\/zonaroja.com.mx\/index.php?rest_route=\/wp\/v2\/users\/2"}],"replies":[{"embeddable":true,"href":"https:\/\/zonaroja.com.mx\/index.php?rest_route=%2Fwp%2Fv2%2Fcomments&post=37648"}],"version-history":[{"count":1,"href":"https:\/\/zonaroja.com.mx\/index.php?rest_route=\/wp\/v2\/posts\/37648\/revisions"}],"predecessor-version":[{"id":37651,"href":"https:\/\/zonaroja.com.mx\/index.php?rest_route=\/wp\/v2\/posts\/37648\/revisions\/37651"}],"wp:featuredmedia":[{"embeddable":true,"href":"https:\/\/zonaroja.com.mx\/index.php?rest_route=\/wp\/v2\/media\/37650"}],"wp:attachment":[{"href":"https:\/\/zonaroja.com.mx\/index.php?rest_route=%2Fwp%2Fv2%2Fmedia&parent=37648"}],"wp:term":[{"taxonomy":"category","embeddable":true,"href":"https:\/\/zonaroja.com.mx\/index.php?rest_route=%2Fwp%2Fv2%2Fcategories&post=37648"},{"taxonomy":"post_tag","embeddable":true,"href":"https:\/\/zonaroja.com.mx\/index.php?rest_route=%2Fwp%2Fv2%2Ftags&post=37648"}],"curies":[{"name":"wp","href":"https:\/\/api.w.org\/{rel}","templated":true}]}}