{"id":3765,"date":"2019-09-08T08:14:39","date_gmt":"2019-09-08T13:14:39","guid":{"rendered":"http:\/\/www.zonaroja.com.mx\/?p=3765"},"modified":"2019-09-08T08:14:41","modified_gmt":"2019-09-08T13:14:41","slug":"portense-bien-piensen-en-sus-familias-le-dice-amlo-a-los-narcos","status":"publish","type":"post","link":"https:\/\/zonaroja.com.mx\/?p=3765","title":{"rendered":"P\u00f3rtense bien, piensen en sus familias, le dice AMLO a los narcos"},"content":{"rendered":"\n<p>Redacci\u00f3n\/Zona\nRoja Cdmx.<\/p>\n\n\n\n<p>Ciudad de\nM\u00e9xico, 8 de septiembre de 2019.- \u201cEst\u00e1n mal, as\u00ed no es la cosa. Yo los llamo a\nque recapaciten y piensen en ellos, pero sobre todo en sus familias, en sus\nmadres, en sus mamacitas. Saben cu\u00e1nto sufren las mam\u00e1s por el amor sublime que\nse le tiene a los hijos. Y ellos tienen que pensar en eso\u201d.<\/p>\n\n\n\n<p>Ese fue el\nllamado que hizo el Presidente de M\u00e9xico, Andr\u00e9s Manuel L\u00f3pez Obrador, a\nmiembros del crimen organizado, durante su gira ayer por Hidalgo, Tamaulipas,\ndonde fue recibido por una valla de integrantes de la \u201cguardia comunitaria\u201d\nColumna C\u00edvica \u201cGral. Pedro Jos\u00e9 M\u00e9ndez\u201d.<\/p>\n\n\n\n<p>Durante su\nmensaje, el mandatario mexicano exhort\u00f3 al grupo delictivo que amenaz\u00f3 a los\nempresarios que venden gasolina y di\u00e9sel al Ej\u00e9rcito en Nuevo Laredo, a que\nreconsideren y act\u00faen dentro de la legalidad.<\/p>\n\n\n\n<p>Asimismo, revel\u00f3\nque uno de quienes roci\u00f3 con combustible el bar \u201cEl Caballo Blanco\u201d en\nCoatzacoalcos, Veracruz, con saldo de 31 muertos, era un muchacho de 15 a\u00f1os\nque result\u00f3 con quemaduras en la mitad del cuerpo.<\/p>\n\n\n\n<p>L\u00f3pez\nObrador reconoci\u00f3 que se ha avanzado en el combate a la inseguridad en el\nestado, pero falta. Tenemos problemas ahora en Nuevo Laredo y \u201cun reto con este\ngrupo de delincuentes que amenaz\u00f3 a los distribuidores de gasolina para que no\nvendan combustible al Ej\u00e9rcito y a la polic\u00eda\u201d.<\/p>\n\n\n\n<p>Antes,\nsostuvo, hab\u00eda la excusa de que no hab\u00eda trabajo, \u201cahora procuramos que a nadie\nle falte, queremos la reinserci\u00f3n, que act\u00faen dentro de la legalidad. Convoco a\nportarnos bien, a no hacerle da\u00f1o al pr\u00f3jimo\u201d. Insisti\u00f3 que le competir\u00e1 los\nj\u00f3venes al crimen organizado y prometi\u00f3 que nunca m\u00e1s ser\u00e1n desatendidos para\nque no se incorporen a las filas de la delincuencia.<\/p>\n\n\n\n<p>\u201cAhora\ntenemos que atenderlos, no darles la espalda; las c\u00e1rceles est\u00e1n llenas de\nj\u00f3venes y la mayor\u00eda de quienes pierden la vida son j\u00f3venes\u201d. <\/p>\n\n\n\n<p>A su\nllegada, L\u00f3pez Obrador fue recibido con una gran valla de \u201cguardias\ncomunitarios\u201d, a caballo y en tractores, pero evit\u00f3 saludarlos.<\/p>\n\n\n\n<p>Se trata de\nindividuos con los que el subsecretario de Gobernaci\u00f3n, Ricardo Peralta, se reuni\u00f3\na principios de agosto &#8211;posteriormente lo hizo con las autodefensas de La\nHuacana, Michoac\u00e1n&#8211; para anunciar un programa de inversi\u00f3n del sector\nmaquilador, y que le vali\u00f3 una descalificaci\u00f3n por parte del Presidente, quien\nen su momento se\u00f1al\u00f3 que el di\u00e1logo con ese tipo de grupos no est\u00e1 dentro del\nmarco constitucional.<\/p>\n","protected":false},"excerpt":{"rendered":"<p>Redacci\u00f3n\/Zona Roja Cdmx. Ciudad de M\u00e9xico, 8 de septiembre de 2019.- \u201cEst\u00e1n mal, as\u00ed no&hellip;<\/p>\n","protected":false},"author":2,"featured_media":3766,"comment_status":"closed","ping_status":"open","sticky":false,"template":"","format":"standard","meta":{"_lmt_disableupdate":"","_lmt_disable":"","_jetpack_memberships_contains_paid_content":false,"footnotes":""},"categories":[109,47],"tags":[143],"class_list":["post-3765","post","type-post","status-publish","format-standard","has-post-thumbnail","hentry","category-minuto-a-minuto","category-zona-gris","tag-andres-manuel-lopez-obrador"],"jetpack_featured_media_url":"https:\/\/zonaroja.com.mx\/wp-content\/uploads\/2019\/09\/amlo-tam.jpg","jetpack_sharing_enabled":true,"_links":{"self":[{"href":"https:\/\/zonaroja.com.mx\/index.php?rest_route=\/wp\/v2\/posts\/3765","targetHints":{"allow":["GET"]}}],"collection":[{"href":"https:\/\/zonaroja.com.mx\/index.php?rest_route=\/wp\/v2\/posts"}],"about":[{"href":"https:\/\/zonaroja.com.mx\/index.php?rest_route=\/wp\/v2\/types\/post"}],"author":[{"embeddable":true,"href":"https:\/\/zonaroja.com.mx\/index.php?rest_route=\/wp\/v2\/users\/2"}],"replies":[{"embeddable":true,"href":"https:\/\/zonaroja.com.mx\/index.php?rest_route=%2Fwp%2Fv2%2Fcomments&post=3765"}],"version-history":[{"count":1,"href":"https:\/\/zonaroja.com.mx\/index.php?rest_route=\/wp\/v2\/posts\/3765\/revisions"}],"predecessor-version":[{"id":3767,"href":"https:\/\/zonaroja.com.mx\/index.php?rest_route=\/wp\/v2\/posts\/3765\/revisions\/3767"}],"wp:featuredmedia":[{"embeddable":true,"href":"https:\/\/zonaroja.com.mx\/index.php?rest_route=\/wp\/v2\/media\/3766"}],"wp:attachment":[{"href":"https:\/\/zonaroja.com.mx\/index.php?rest_route=%2Fwp%2Fv2%2Fmedia&parent=3765"}],"wp:term":[{"taxonomy":"category","embeddable":true,"href":"https:\/\/zonaroja.com.mx\/index.php?rest_route=%2Fwp%2Fv2%2Fcategories&post=3765"},{"taxonomy":"post_tag","embeddable":true,"href":"https:\/\/zonaroja.com.mx\/index.php?rest_route=%2Fwp%2Fv2%2Ftags&post=3765"}],"curies":[{"name":"wp","href":"https:\/\/api.w.org\/{rel}","templated":true}]}}