{"id":37652,"date":"2022-02-16T09:43:00","date_gmt":"2022-02-16T15:43:00","guid":{"rendered":"http:\/\/www.zonaroja.com.mx\/?p=37652"},"modified":"2022-02-15T21:46:10","modified_gmt":"2022-02-16T03:46:10","slug":"opinion-entre-lo-publico-y-lo-privado","status":"publish","type":"post","link":"https:\/\/zonaroja.com.mx\/?p=37652","title":{"rendered":"Opini\u00f3n. Entre lo p\u00fablico y lo privado"},"content":{"rendered":"\n<p>Ad\u00e1n C\u00f3rdova Trujillo*<\/p>\n\n\n\n<p>El Presidente de la Rep\u00fablica, Andr\u00e9s Manuel L\u00f3pez Obrador, en una de sus \u201cma\u00f1aneras\u201d, se\u00f1al\u00f3 que un particular recibe millones de pesos por diversas fuentes.<\/p>\n\n\n\n<p>Durante los siguientes d\u00edas trascendi\u00f3 el \u201cuso de datos personales de un particular\u201d y como de costumbre, la polarizaci\u00f3n de las opiniones se dio en dos sentidos, quienes consideraron violatorios de derechos los se\u00f1alamientos del presidente y quienes consideraron que no sucede tal situaci\u00f3n.<\/p>\n\n\n\n<p>Para una mejor consideraci\u00f3n sobre el tema, vale la pena observar los siguientes elementos:<\/p>\n\n\n\n<p>&#8211; El presidente no se\u00f1ala una fuente p\u00fablica o particular por la que se obtuvieron los datos; argumenta que uno de los 50 millones de ciudadanos afines a su investidura le enviaron esos datos.<\/p>\n\n\n\n<p>&#8211; Llama al Servicio de Administraci\u00f3n Tributaria y al Instituto Nacional de Acceso a la Informaci\u00f3n para que le verifiquen los datos.<\/p>\n\n\n\n<p>&#8211; La Ley Federal de Protecci\u00f3n de Datos Personales considera como sujetos regulados por esa ley a las sociedades de informaci\u00f3n crediticia y a las personas que lleven a cabo la recolecci\u00f3n y almacenamiento de datos personales, supuestos bajo los cuales no se encuentra el Presidente de la Rep\u00fablica.<\/p>\n\n\n\n<p>Es deseable separar los asuntos privados de la esfera gubernamental, evitar que lo personal distraiga el ejercicio o la funci\u00f3n p\u00fablica, pero si no fuese posible, se debe recordar que lo que se hace p\u00fablico tiene impactos diversos.<\/p>\n\n\n\n<p>Es irresponsable, de quien sabiendo que tiene una alta afinidad y popularidad con la ciudadan\u00eda usa informaci\u00f3n sin considerar si es verdadera o no, aunado a los altos niveles de inseguridad que consideran a nuestro pa\u00eds uno de los m\u00e1s peligrosos para ejercer el periodismo.<\/p>\n\n\n\n<p>Estos hechos no s\u00f3lo impactan en el particular, tambi\u00e9n colocan en un estado de indefensi\u00f3n a sus hijos, esposa, padre o madre, frente a la delincuencia o bien a grupos de extrema afinidad hacia el mandatario.<\/p>\n\n\n\n<p>Todo aquello que no se pueda comprobar no puede ser calificado como verdadero, todo aquello que no es verdadero y se difunde, no merece mayor adjetivo que el de chisme.<\/p>\n\n\n\n<p>No se trata de creer o no creer, porque los poderes del Estado no son la iglesia para creer en ellos, son instituciones p\u00fablicas que est\u00e1n obligadas a la veracidad de su informaci\u00f3n y a la argumentaci\u00f3n de sus decisiones.<\/p>\n\n\n\n<p>Existe una l\u00ednea muy delgada entre el morbo y el inter\u00e9s, entre los dichos y su acreditaci\u00f3n, entre lo que es de inter\u00e9s p\u00fablico y los distractores; es deseable, que no sea el morbo lo que nos apegue a los dichos para no distraernos de lo que realmente importa.<\/p>\n\n\n\n<p>Sucesos entre particulares, distraen la atenci\u00f3n de los verdaderos problemas p\u00fablicos, la inseguridad, salud, corrupci\u00f3n, migraci\u00f3n.<\/p>\n\n\n\n<p>Los ciudadanos debemos ser exigentes con los servidores y las instituciones p\u00fablicas, con la veracidad de las fuentes sobre la informaci\u00f3n que emiten para evitar que nuestra opini\u00f3n sea sesgada, utilizada o manipulada por quienes ostentan el poder de la publicidad o nuestra afinidad.<\/p>\n\n\n\n<p>* El autor es Integrante de la Comisi\u00f3n de Selecci\u00f3n del Sistema Nacional Anticorrupci\u00f3n; catedr\u00e1tico y coordinador del Laboratorio Universitario de Estudios de Transparencia y Combate a la Corrupci\u00f3n de la FDCS\/UABJO.<\/p>\n\n\n\n<p>adancordovatrujillo@gmail.com<\/p>\n\n\n\n<p>@adancordovat.<\/p>\n\n\n\n<p>Fb: Ad\u00e1n C\u00f3rdova<\/p>\n","protected":false},"excerpt":{"rendered":"<p>Ad\u00e1n C\u00f3rdova Trujillo* El Presidente de la Rep\u00fablica, Andr\u00e9s Manuel L\u00f3pez Obrador, en una de&hellip;<\/p>\n","protected":false},"author":2,"featured_media":37380,"comment_status":"closed","ping_status":"open","sticky":false,"template":"","format":"standard","meta":{"_lmt_disableupdate":"","_lmt_disable":"","_jetpack_memberships_contains_paid_content":false,"footnotes":""},"categories":[456,109],"tags":[184],"class_list":["post-37652","post","type-post","status-publish","format-standard","has-post-thumbnail","hentry","category-columna","category-minuto-a-minuto","tag-adan-cordova-trujillo"],"jetpack_featured_media_url":"https:\/\/zonaroja.com.mx\/wp-content\/uploads\/2022\/02\/Adan-Cordova-Trujillo.jpg","jetpack_sharing_enabled":true,"_links":{"self":[{"href":"https:\/\/zonaroja.com.mx\/index.php?rest_route=\/wp\/v2\/posts\/37652","targetHints":{"allow":["GET"]}}],"collection":[{"href":"https:\/\/zonaroja.com.mx\/index.php?rest_route=\/wp\/v2\/posts"}],"about":[{"href":"https:\/\/zonaroja.com.mx\/index.php?rest_route=\/wp\/v2\/types\/post"}],"author":[{"embeddable":true,"href":"https:\/\/zonaroja.com.mx\/index.php?rest_route=\/wp\/v2\/users\/2"}],"replies":[{"embeddable":true,"href":"https:\/\/zonaroja.com.mx\/index.php?rest_route=%2Fwp%2Fv2%2Fcomments&post=37652"}],"version-history":[{"count":1,"href":"https:\/\/zonaroja.com.mx\/index.php?rest_route=\/wp\/v2\/posts\/37652\/revisions"}],"predecessor-version":[{"id":37653,"href":"https:\/\/zonaroja.com.mx\/index.php?rest_route=\/wp\/v2\/posts\/37652\/revisions\/37653"}],"wp:featuredmedia":[{"embeddable":true,"href":"https:\/\/zonaroja.com.mx\/index.php?rest_route=\/wp\/v2\/media\/37380"}],"wp:attachment":[{"href":"https:\/\/zonaroja.com.mx\/index.php?rest_route=%2Fwp%2Fv2%2Fmedia&parent=37652"}],"wp:term":[{"taxonomy":"category","embeddable":true,"href":"https:\/\/zonaroja.com.mx\/index.php?rest_route=%2Fwp%2Fv2%2Fcategories&post=37652"},{"taxonomy":"post_tag","embeddable":true,"href":"https:\/\/zonaroja.com.mx\/index.php?rest_route=%2Fwp%2Fv2%2Ftags&post=37652"}],"curies":[{"name":"wp","href":"https:\/\/api.w.org\/{rel}","templated":true}]}}